{"id":80927,"date":"2025-06-02T16:47:54","date_gmt":"2025-06-02T22:47:54","guid":{"rendered":"https:\/\/zonaroja.com.mx\/?p=80927"},"modified":"2025-06-02T16:47:56","modified_gmt":"2025-06-02T22:47:56","slug":"registra-oaxaca-44-casos-de-covid-19-este-ano","status":"publish","type":"post","link":"https:\/\/zonaroja.com.mx\/?p=80927","title":{"rendered":"Registra Oaxaca 44 casos de Covid-19 este a\u00f1o\u00a0"},"content":{"rendered":"\n<p>Redacci\u00f3n\/Zona Roja.&nbsp;<\/p>\n\n\n\n<p>Oaxaca, Oax., a 2 de junio de 2025.- Para proteger la salud de la poblaci\u00f3n y en seguimiento a las recomendaciones permanentes de la Organizaci\u00f3n Mundial de la Salud (OMS), Servicios de Salud de Oaxaca (SSO) exhorta a la ciudadan\u00eda a mantener las medidas preventivas contra el Covid-19, especialmente en espacios con alta concentraci\u00f3n de personas y al presentar s\u00edntomas respiratorios.<\/p>\n\n\n\n<p>Al corte de la semana epidemiol\u00f3gica n\u00famero 20, se registraron en la entidad 44 casos positivos de Covid-19, de los cuales 28 corresponden a mujeres y 16 a hombres.<\/p>\n\n\n\n<p>Ante este panorama, se recuerda a la poblaci\u00f3n la importancia de seguir con la pr\u00e1ctica de medidas de prevenci\u00f3n como: lavado frecuente de manos con agua y jab\u00f3n, as\u00ed como cubrirse con el \u00e1ngulo interno del codo al estornudar o toser.<\/p>\n\n\n\n<p>Tambi\u00e9n, hacer uso de cubrebocas en espacios cerrados o con aglomeraci\u00f3n de personas y en unidades m\u00e9dicas, sin dejar de lado ventilar adecuadamente los espacios cerrados para reducir el riesgo de transmisi\u00f3n.<\/p>\n\n\n\n<p>En caso de presentar s\u00edntomas como: fiebre, escalofr\u00edos, tos, dificultad para respirar, fatiga, dolores musculares, dolor de cabeza y p\u00e9rdida del sentido del gusto o del olfato; es importante usar cubrebocas, acudir a consulta m\u00e9dica y evitar en medida de lo posible, exponer a otras personas que convivan en el domicilio.<\/p>\n\n\n\n<p>La dependencia se\u00f1ala que es prioritario en caso de presentar los signos respiratorios antes mencionados, no automedicarse y solicitar atenci\u00f3n m\u00e9dica inmediata, con el objetivo de recibir la valoraci\u00f3n apropiada, para descartar otras afecciones y as\u00ed tener el tratamiento adecuado y oportuno.<\/p>\n\n\n\n<p>SSO tambi\u00e9n hace un llamado al personal de salud a reforzar los cinco momentos claves del lavado de manos, antes de tocar al paciente, antes de realizar una tarea de limpia o as\u00e9ptica, despu\u00e9s del riesgo de exposici\u00f3n a l\u00edquidos corporales, despu\u00e9s de tocar al paciente y despu\u00e9s de estar en contacto con el entorno del paciente.<\/p>\n\n\n\n<p>La prevenci\u00f3n siempre es la mejor herramienta para cuidar de la salud propia y de las dem\u00e1s personas.<\/p>\n","protected":false},"excerpt":{"rendered":"<p>Redacci\u00f3n\/Zona Roja.&nbsp; Oaxaca, Oax., a 2 de junio de 2025.- Para proteger la salud de&hellip;<\/p>\n","protected":false},"author":2,"featured_media":67814,"comment_status":"closed","ping_status":"open","sticky":false,"template":"","format":"standard","meta":{"_lmt_disableupdate":"","_lmt_disable":"","_jetpack_memberships_contains_paid_content":false,"footnotes":""},"categories":[109,47],"tags":[3669],"class_list":["post-80927","post","type-post","status-publish","format-standard","has-post-thumbnail","hentry","category-minuto-a-minuto","category-zona-gris","tag-covid-19"],"jetpack_featured_media_url":"https:\/\/zonaroja.com.mx\/wp-content\/uploads\/2024\/04\/Vacuna-AstraZeneca-Covid.jpeg","jetpack_sharing_enabled":true,"_links":{"self":[{"href":"https:\/\/zonaroja.com.mx\/index.php?rest_route=\/wp\/v2\/posts\/80927","targetHints":{"allow":["GET"]}}],"collection":[{"href":"https:\/\/zonaroja.com.mx\/index.php?rest_route=\/wp\/v2\/posts"}],"about":[{"href":"https:\/\/zonaroja.com.mx\/index.php?rest_route=\/wp\/v2\/types\/post"}],"author":[{"embeddable":true,"href":"https:\/\/zonaroja.com.mx\/index.php?rest_route=\/wp\/v2\/users\/2"}],"replies":[{"embeddable":true,"href":"https:\/\/zonaroja.com.mx\/index.php?rest_route=%2Fwp%2Fv2%2Fcomments&post=80927"}],"version-history":[{"count":1,"href":"https:\/\/zonaroja.com.mx\/index.php?rest_route=\/wp\/v2\/posts\/80927\/revisions"}],"predecessor-version":[{"id":80928,"href":"https:\/\/zonaroja.com.mx\/index.php?rest_route=\/wp\/v2\/posts\/80927\/revisions\/80928"}],"wp:featuredmedia":[{"embeddable":true,"href":"https:\/\/zonaroja.com.mx\/index.php?rest_route=\/wp\/v2\/media\/67814"}],"wp:attachment":[{"href":"https:\/\/zonaroja.com.mx\/index.php?rest_route=%2Fwp%2Fv2%2Fmedia&parent=80927"}],"wp:term":[{"taxonomy":"category","embeddable":true,"href":"https:\/\/zonaroja.com.mx\/index.php?rest_route=%2Fwp%2Fv2%2Fcategories&post=80927"},{"taxonomy":"post_tag","embeddable":true,"href":"https:\/\/zonaroja.com.mx\/index.php?rest_route=%2Fwp%2Fv2%2Ftags&post=80927"}],"curies":[{"name":"wp","href":"https:\/\/api.w.org\/{rel}","templated":true}]}}