{"id":80929,"date":"2025-06-02T18:53:26","date_gmt":"2025-06-03T00:53:26","guid":{"rendered":"https:\/\/zonaroja.com.mx\/?p=80929"},"modified":"2025-06-02T18:53:28","modified_gmt":"2025-06-03T00:53:28","slug":"desarticulan-en-oaxaca-celula-delictiva-del-comandante-08","status":"publish","type":"post","link":"https:\/\/zonaroja.com.mx\/?p=80929","title":{"rendered":"Desarticulan en Oaxaca c\u00e9lula delictiva del \u201cComandante 08\u201d"},"content":{"rendered":"\n<p>Redacci\u00f3n\/Zona Roja.&nbsp;<\/p>\n\n\n\n<p>Oaxaca, Oax., a 2 de junio de 2025.- Como resultado de la Operaci\u00f3n \u201cSable\u201d que se implementa en el Istmo de Tehuantepec, la Fiscal\u00eda General del Estado de Oaxaca (FGEO) logr\u00f3 el desmantelamiento de la c\u00e9lula delictiva identificada como \u201cR8\u201d.<\/p>\n\n\n\n<p>Con ella se realiz\u00f3 la detenci\u00f3n de cinco personas, entre ellas, su l\u00edder identificado como J.G.G., alias \u201cR8\u201d o \u201cComandante 08\u201d, grupo que operaba en esa regi\u00f3n de la entidad y que estar\u00eda vinculado con la comisi\u00f3n de delitos como narcomenudeo, trasiego de narc\u00f3ticos, secuestro y homicidio.<\/p>\n\n\n\n<p>La colaboraci\u00f3n interinstitucional que suma esfuerzos en la Operaci\u00f3n \u201cSable\u201d, en la que participa la FGEO, a trav\u00e9s de la Agencia Estatal de Investigaciones (AEI), as\u00ed como la Secretar\u00eda de Seguridad P\u00fablica y Protecci\u00f3n Ciudadana de la Federaci\u00f3n (SSPC), Secretar\u00eda de la Defensa Nacional (DEFENSA), Secretar\u00eda de Marina (SEMAR), Guardia Nacional, adem\u00e1s de la Polic\u00eda Estatal y la Polic\u00eda Vial Estatal, hizo posible el despliegue de operativos que permitieron la captura de estas cinco personas.<\/p>\n\n\n\n<p>Esta c\u00e9lula delictiva tendr\u00eda la responsabilidad en la colocaci\u00f3n de mantas con amenazas en diferentes puntos del Istmo, como la del 31 de mayo de 2025, cuando localizaron los restos de un hombre junto a un mensaje, dejados en calles Ciudad Ixtepec.<\/p>\n\n\n\n<p>Adem\u00e1s de otros eventos delictivos como un homicidio cometido el 18 de mayo pasado en la colonia La Moderna, tambi\u00e9n de Ixtepec, fecha en que terminaron con la vida de una persona a la que hab\u00edan amenazado a trav\u00e9s de dichas mantas.<\/p>\n\n\n\n<p>Como resultado de las labores de inteligencia derivadas de la Operaci\u00f3n \u201cSable\u201d, se realizaron los trabajos coordinados por los cuales se llevaron a cabo acciones directas por las que se ejecutaron las \u00f3rdenes de aprehensi\u00f3n correspondientes por los delitos Contra la Salud, Homicidio y Secuestro, que permiti\u00f3 la detenci\u00f3n de J.G.G., alias \u201cR8\u201d o \u201cComandante 08\u201d, as\u00ed como de D.G.M.<\/p>\n\n\n\n<p>Mientras que, en diferentes operativos para desarticular esta c\u00e9lula delictiva, tambi\u00e9n se logr\u00f3 la captura de A.A.C.C., alias \u201cEl Compita\u201d, y de A.M.V.G., aprehendidos por el delito de Homicidio.<\/p>\n\n\n\n<p>En tanto que, una quinta persona relacionada con este grupo fue capturada durante el cumplimiento de una orden de cateo en Ciudad Ixtepec, se trata de S.I.C.G., alias \u201cEl G\u00fcero\u201d, aprehendido por el delito de Homicidio.<\/p>\n\n\n\n<p>Este tipo de acciones conjuntas en las que participa la Fiscal\u00eda General del Estado de Oaxaca que est\u00e1n coordinadas a trav\u00e9s de la Operaci\u00f3n \u201cSable\u201d, tienen como objetivo el combate al fen\u00f3meno delictivo en la regi\u00f3n del Istmo de Tehuantepec, logrando la captura de m\u00e1s de 50 personas desde su implementaci\u00f3n.<\/p>\n","protected":false},"excerpt":{"rendered":"<p>Redacci\u00f3n\/Zona Roja.&nbsp; Oaxaca, Oax., a 2 de junio de 2025.- Como resultado de la Operaci\u00f3n&hellip;<\/p>\n","protected":false},"author":2,"featured_media":80930,"comment_status":"closed","ping_status":"open","sticky":false,"template":"","format":"standard","meta":{"_lmt_disableupdate":"","_lmt_disable":"","_jetpack_memberships_contains_paid_content":false,"footnotes":""},"categories":[109,46],"tags":[494],"class_list":["post-80929","post","type-post","status-publish","format-standard","has-post-thumbnail","hentry","category-minuto-a-minuto","category-zona-blanca","tag-fiscalia-general-del-estado-de-oaxaca"],"jetpack_featured_media_url":"https:\/\/zonaroja.com.mx\/wp-content\/uploads\/2025\/06\/Detenidos-Fiscalia-Ciudad-Ixtepec.jpg","jetpack_sharing_enabled":true,"_links":{"self":[{"href":"https:\/\/zonaroja.com.mx\/index.php?rest_route=\/wp\/v2\/posts\/80929","targetHints":{"allow":["GET"]}}],"collection":[{"href":"https:\/\/zonaroja.com.mx\/index.php?rest_route=\/wp\/v2\/posts"}],"about":[{"href":"https:\/\/zonaroja.com.mx\/index.php?rest_route=\/wp\/v2\/types\/post"}],"author":[{"embeddable":true,"href":"https:\/\/zonaroja.com.mx\/index.php?rest_route=\/wp\/v2\/users\/2"}],"replies":[{"embeddable":true,"href":"https:\/\/zonaroja.com.mx\/index.php?rest_route=%2Fwp%2Fv2%2Fcomments&post=80929"}],"version-history":[{"count":1,"href":"https:\/\/zonaroja.com.mx\/index.php?rest_route=\/wp\/v2\/posts\/80929\/revisions"}],"predecessor-version":[{"id":80931,"href":"https:\/\/zonaroja.com.mx\/index.php?rest_route=\/wp\/v2\/posts\/80929\/revisions\/80931"}],"wp:featuredmedia":[{"embeddable":true,"href":"https:\/\/zonaroja.com.mx\/index.php?rest_route=\/wp\/v2\/media\/80930"}],"wp:attachment":[{"href":"https:\/\/zonaroja.com.mx\/index.php?rest_route=%2Fwp%2Fv2%2Fmedia&parent=80929"}],"wp:term":[{"taxonomy":"category","embeddable":true,"href":"https:\/\/zonaroja.com.mx\/index.php?rest_route=%2Fwp%2Fv2%2Fcategories&post=80929"},{"taxonomy":"post_tag","embeddable":true,"href":"https:\/\/zonaroja.com.mx\/index.php?rest_route=%2Fwp%2Fv2%2Ftags&post=80929"}],"curies":[{"name":"wp","href":"https:\/\/api.w.org\/{rel}","templated":true}]}}