{"id":80932,"date":"2025-06-02T20:21:22","date_gmt":"2025-06-03T02:21:22","guid":{"rendered":"https:\/\/zonaroja.com.mx\/?p=80932"},"modified":"2025-06-02T20:21:24","modified_gmt":"2025-06-03T02:21:24","slug":"ejecutan-a-individuo-en-matias-romero-a-otro-en-tuxtepec","status":"publish","type":"post","link":"https:\/\/zonaroja.com.mx\/?p=80932","title":{"rendered":"Ejecutan a individuo en Mat\u00edas Romero; a otro en Tuxtepec"},"content":{"rendered":"\n<p>Raymundo Morales\/Zona Roja.<\/p>\n\n\n\n<p>Oaxaca, Oax., a 2 de junio de 2025.- Una persona del sexo masculino fue ejecutada a balazos este lunes en el municipio istme\u00f1o de Mat\u00edas Romero Avenda\u00f1o.<\/p>\n\n\n\n<p>El ataque armado ocurri\u00f3 en la calle Guti\u00e9rrez N\u00e1jera en la colonia Hidalgo Sur, donde sujetos desconocidos acribillaron a quien fue identificado como Omar Francisco B., de 25 a\u00f1os de edad.<\/p>\n\n\n\n<p>El joven transitaba a bordo de su camioneta marca Nissan, tipo NP300, cuando fue atacado a balazos; polic\u00edas municipales tardaron en llegar a la zona, por lo cual no pudieron efectuar detenciones.<\/p>\n\n\n\n<p>La Vicefiscal\u00eda Regional del Istmo, de la Fiscal\u00eda General del Estado de Oaxaca, ha iniciado la carpeta de investigaci\u00f3n correspondiente para dar con el paradero del o de los autores del homicidio.<\/p>\n\n\n\n<p>Por otra parte, la Vicefiscal\u00eda Regional de la Cuenca contin\u00faa con las indagatorias respecto a un asesinato perpetrado ayer por la tarde en San Juan Bautista Tuxtepec.<\/p>\n\n\n\n<p>Fue en camino a la comunidad de La Herradura donde dispararon en contra de la v\u00edctima, identificada como \u00d3scar L., de 57 a\u00f1os de edad, quien perdi\u00f3 la vida al instante.<\/p>\n\n\n\n<p>En este caso tampoco hay personas detenidas y las investigaciones continuan a fin de dar con el paradero de los homicidas.<\/p>\n","protected":false},"excerpt":{"rendered":"<p>Raymundo Morales\/Zona Roja. Oaxaca, Oax., a 2 de junio de 2025.- Una persona del sexo&hellip;<\/p>\n","protected":false},"author":2,"featured_media":74062,"comment_status":"closed","ping_status":"open","sticky":false,"template":"","format":"standard","meta":{"_lmt_disableupdate":"","_lmt_disable":"","_jetpack_memberships_contains_paid_content":false,"footnotes":""},"categories":[109,51],"tags":[4054],"class_list":["post-80932","post","type-post","status-publish","format-standard","has-post-thumbnail","hentry","category-minuto-a-minuto","category-zona-roja","tag-asesinato-matias-romero"],"jetpack_featured_media_url":"https:\/\/zonaroja.com.mx\/wp-content\/uploads\/2024\/11\/Escena-del-crimen-1.jpg","jetpack_sharing_enabled":true,"_links":{"self":[{"href":"https:\/\/zonaroja.com.mx\/index.php?rest_route=\/wp\/v2\/posts\/80932","targetHints":{"allow":["GET"]}}],"collection":[{"href":"https:\/\/zonaroja.com.mx\/index.php?rest_route=\/wp\/v2\/posts"}],"about":[{"href":"https:\/\/zonaroja.com.mx\/index.php?rest_route=\/wp\/v2\/types\/post"}],"author":[{"embeddable":true,"href":"https:\/\/zonaroja.com.mx\/index.php?rest_route=\/wp\/v2\/users\/2"}],"replies":[{"embeddable":true,"href":"https:\/\/zonaroja.com.mx\/index.php?rest_route=%2Fwp%2Fv2%2Fcomments&post=80932"}],"version-history":[{"count":1,"href":"https:\/\/zonaroja.com.mx\/index.php?rest_route=\/wp\/v2\/posts\/80932\/revisions"}],"predecessor-version":[{"id":80933,"href":"https:\/\/zonaroja.com.mx\/index.php?rest_route=\/wp\/v2\/posts\/80932\/revisions\/80933"}],"wp:featuredmedia":[{"embeddable":true,"href":"https:\/\/zonaroja.com.mx\/index.php?rest_route=\/wp\/v2\/media\/74062"}],"wp:attachment":[{"href":"https:\/\/zonaroja.com.mx\/index.php?rest_route=%2Fwp%2Fv2%2Fmedia&parent=80932"}],"wp:term":[{"taxonomy":"category","embeddable":true,"href":"https:\/\/zonaroja.com.mx\/index.php?rest_route=%2Fwp%2Fv2%2Fcategories&post=80932"},{"taxonomy":"post_tag","embeddable":true,"href":"https:\/\/zonaroja.com.mx\/index.php?rest_route=%2Fwp%2Fv2%2Ftags&post=80932"}],"curies":[{"name":"wp","href":"https:\/\/api.w.org\/{rel}","templated":true}]}}