{"id":80937,"date":"2025-06-02T21:37:20","date_gmt":"2025-06-03T03:37:20","guid":{"rendered":"https:\/\/zonaroja.com.mx\/?p=80937"},"modified":"2025-06-02T21:37:23","modified_gmt":"2025-06-03T03:37:23","slug":"detiene-policia-municipal-de-oaxaca-capital-a-cuatro-personas","status":"publish","type":"post","link":"https:\/\/zonaroja.com.mx\/?p=80937","title":{"rendered":"Detiene polic\u00eda municipal de Oaxaca capital a cuatro personas\u00a0"},"content":{"rendered":"\n<p>Redacci\u00f3n\/Zona Roja.<\/p>\n\n\n\n<p>Oaxaca, Oax., a 2 de junio de 2025.- Al menos cuatro personas fueron detenidas en Oaxaca de Ju\u00e1rez en las \u00faltimas 24 horas, se\u00f1aladas por diversos delitos.<\/p>\n\n\n\n<p>Ayer por la tarde, personal de la Secretar\u00eda de Seguridad Vecinal efectu\u00f3 la detenci\u00f3n de dos personas al ser se\u00f1aladas como presuntas responsables del delito de tentativa de robo con violencia.<\/p>\n\n\n\n<p>Los hechos tuvieron lugar a las 17:56 horas, cuando elementos de la Direcci\u00f3n de Proximidad Social adscritos a la Unidad Motorizada de Acci\u00f3n R\u00e1pida (UMAR) realizaban patrullajes de prevenci\u00f3n, disuasi\u00f3n y vigilancia en la privada de Las Casas, Centro.<\/p>\n\n\n\n<p>En ese momento, un grupo de personas les indicaron que unos metros adelante, en la privada de Galeana, dos sujetos golpeaban a una persona, por lo cual se trasladaron al lugar.<\/p>\n\n\n\n<p>En ese sitio, un hombre de 30 a\u00f1os de edad, se\u00f1al\u00f3 a dos sujetos que se hallaban a corta distancia de \u00e9l, como los mismos que momentos antes, le aplicaron la llave china con intenci\u00f3n de despojarlo de dinero en efectivo y tel\u00e9fono celular.<\/p>\n\n\n\n<p>Detall\u00f3 que, al caminar en la banqueta, uno de ellos lo sujet\u00f3 por la espalda y trat\u00f3 de asfixiarlo, mientras el otro trat\u00f3 de sacar sus objetos de la bolsa del pantal\u00f3n, por lo cual forceje\u00f3 y logr\u00f3 zafarse.<\/p>\n\n\n\n<p>Ante el se\u00f1alamiento directo, procedieron a la detenci\u00f3n de las dos personas, que dijeron llamarse Alex J. O. G., de 18 a\u00f1os de edad y Joaqu\u00edn R. C. R., de 26 a\u00f1os de edad, quienes quedaron a disposici\u00f3n de la Fiscal\u00eda General del Estado para determinar su situaci\u00f3n jur\u00eddica.<\/p>\n\n\n\n<p>CONTRA LA SALUD<\/p>\n\n\n\n<p>En otro caso, personal policiaco efectu\u00f3 la detenci\u00f3n de una persona por el presunto delito contra la salud, la cual qued\u00f3 a disposici\u00f3n de la autoridad ministerial.<\/p>\n\n\n\n<p>La intervenci\u00f3n ocurri\u00f3 durante el fin de semana, cuando elementos de la Direcci\u00f3n de Proximidad Social adscritos a la Unidad Motorizada de Acci\u00f3n R\u00e1pida (UMAR) realizaban acciones de prevenci\u00f3n del delito en las inmediaciones del Mercado de Abasto.<\/p>\n\n\n\n<p>Al circular en riberas del \u201cAtoyac\u201d, frente a la colonia Arboledas, observaron a un sujeto que caminaba de manera apresurada y portaba una mochila en la espalda.<\/p>\n\n\n\n<p>Sin embargo, al notar su presencia la arroj\u00f3 al suelo y corri\u00f3, por lo cual fueron tras \u00e9l y le dieron alcance metros adelante.<\/p>\n\n\n\n<p>Al inspeccionar la mochila, hallaron en su interior un paquete de hierba seca, con las caracter\u00edsticas similares a la mariguana, con un peso superior a un kilogramo, por lo cual procedieron a la detenci\u00f3n de quien dijo llamarse William I. C., de 44 a\u00f1os de edad.<\/p>\n\n\n\n<p>Finalmente, el detenido y la droga asegurada quedaron a disposici\u00f3n de la autoridad ministerial correspondiente para determinar su situaci\u00f3n jur\u00eddica.<\/p>\n\n\n\n<p>POR COHECHO<\/p>\n\n\n\n<p>Por otra parte, la polic\u00eda municipal implement\u00f3 un operativo de b\u00fasqueda de una persona se\u00f1alada de cometer al menos dos robos con violencia, durante el fin de semana, en El Mirador del cerro del Fort\u00edn, misma que fue detenida por elementos de la Direcci\u00f3n de Proximidad Social.<\/p>\n\n\n\n<p>Este lunes, elementos de la Unidad Motorizada de Acci\u00f3n R\u00e1pida (UMAR) efectuaron un despliegue t\u00e1ctico para localizar a una persona que durante el fin de semana consum\u00f3 un robo con violencia y una tentativo de robo en El Mirador del cerro del Fort\u00edn, cuyas caracter\u00edsticas fueron reveladas por los ofendidos.<\/p>\n\n\n\n<p>Fue as\u00ed como a las 11:20 horas, en la avenida Panor\u00e1mica del Fort\u00edn y Andador 21 de Marzo, observaron que un sujeto al notar su presencia, trat\u00f3 de ocultarse entre los veh\u00edculos, por lo cual se acercaron para abordarlo.<\/p>\n\n\n\n<p>Al entrevistarlo, se comport\u00f3 de manera agresiva, al mismo tiempo que de la bolsa delantera del pantal\u00f3n sac\u00f3 un billete de 200 pesos, el cual coloc\u00f3 en una bolsa del chaleco de uno de los elementos, ofreciendo el dinero a cambio de no ser detenido.<\/p>\n\n\n\n<p>Los elementos confirmaron que, por sus caracter\u00edsticas, as\u00ed como por presentar tatuajes en el rostro, coincid\u00eda con las del sujeto denunciado de cometer robos en El Mirador del Cerro del Fort\u00edn.<\/p>\n\n\n\n<p>Nuevamente, el sujeto ofreci\u00f3 m\u00e1s dinero a los elementos, por lo cual fue detenido y dijo llamarse Giovanni C. G., de 33 a\u00f1os de edad, quien junto con el billete que le fue asegurado qued\u00f3 a disposici\u00f3n de la Fiscal\u00eda General del Estado como presunto responsable del delito de cohecho.<\/p>\n\n\n\n<p>Al respecto, el secretario Claudio de Jes\u00fas P\u00e9rez y P\u00e9rez invit\u00f3 a la ciudadan\u00eda que identifique al sujeto como presunto responsable de alg\u00fan delito, presente la denuncia penal correspondiente.<\/p>\n","protected":false},"excerpt":{"rendered":"<p>Redacci\u00f3n\/Zona Roja. Oaxaca, Oax., a 2 de junio de 2025.- Al menos cuatro personas fueron&hellip;<\/p>\n","protected":false},"author":2,"featured_media":80938,"comment_status":"closed","ping_status":"open","sticky":false,"template":"","format":"standard","meta":{"_lmt_disableupdate":"","_lmt_disable":"","_jetpack_memberships_contains_paid_content":false,"footnotes":""},"categories":[109,46],"tags":[148],"class_list":["post-80937","post","type-post","status-publish","format-standard","has-post-thumbnail","hentry","category-minuto-a-minuto","category-zona-blanca","tag-oaxaca-de-juarez"],"jetpack_featured_media_url":"https:\/\/zonaroja.com.mx\/wp-content\/uploads\/2025\/06\/Detenidos-ciudad-de-Oaxaca.jpg","jetpack_sharing_enabled":true,"_links":{"self":[{"href":"https:\/\/zonaroja.com.mx\/index.php?rest_route=\/wp\/v2\/posts\/80937","targetHints":{"allow":["GET"]}}],"collection":[{"href":"https:\/\/zonaroja.com.mx\/index.php?rest_route=\/wp\/v2\/posts"}],"about":[{"href":"https:\/\/zonaroja.com.mx\/index.php?rest_route=\/wp\/v2\/types\/post"}],"author":[{"embeddable":true,"href":"https:\/\/zonaroja.com.mx\/index.php?rest_route=\/wp\/v2\/users\/2"}],"replies":[{"embeddable":true,"href":"https:\/\/zonaroja.com.mx\/index.php?rest_route=%2Fwp%2Fv2%2Fcomments&post=80937"}],"version-history":[{"count":1,"href":"https:\/\/zonaroja.com.mx\/index.php?rest_route=\/wp\/v2\/posts\/80937\/revisions"}],"predecessor-version":[{"id":80939,"href":"https:\/\/zonaroja.com.mx\/index.php?rest_route=\/wp\/v2\/posts\/80937\/revisions\/80939"}],"wp:featuredmedia":[{"embeddable":true,"href":"https:\/\/zonaroja.com.mx\/index.php?rest_route=\/wp\/v2\/media\/80938"}],"wp:attachment":[{"href":"https:\/\/zonaroja.com.mx\/index.php?rest_route=%2Fwp%2Fv2%2Fmedia&parent=80937"}],"wp:term":[{"taxonomy":"category","embeddable":true,"href":"https:\/\/zonaroja.com.mx\/index.php?rest_route=%2Fwp%2Fv2%2Fcategories&post=80937"},{"taxonomy":"post_tag","embeddable":true,"href":"https:\/\/zonaroja.com.mx\/index.php?rest_route=%2Fwp%2Fv2%2Ftags&post=80937"}],"curies":[{"name":"wp","href":"https:\/\/api.w.org\/{rel}","templated":true}]}}