{"id":80940,"date":"2025-06-02T22:04:32","date_gmt":"2025-06-03T04:04:32","guid":{"rendered":"https:\/\/zonaroja.com.mx\/?p=80940"},"modified":"2025-06-02T22:04:34","modified_gmt":"2025-06-03T04:04:34","slug":"acuerdan-paro-de-labores-del-sector-salud-en-oaxaca","status":"publish","type":"post","link":"https:\/\/zonaroja.com.mx\/?p=80940","title":{"rendered":"Acuerdan paro de labores del sector Salud en Oaxaca"},"content":{"rendered":"\n<p>Ismael Garc\u00eda M.\/Zona Roja.<\/p>\n\n\n\n<p>Oaxaca, Oax., a 2 de junio de 2025.- Trabajadores sindicalizados del sector salud en la regi\u00f3n del Istmo de Tehuantepec, acordaron iniciar a partir de ma\u00f1ana un paro de labores indefinido.<\/p>\n\n\n\n<p>Asimismo, exigir la renuncia de funcionarios de los Servicios de Salud de Oaxaca, debido al incumplimiento de varias minutas de trabajo, en que la autoridad se hab\u00eda comprometido a dotar la totalidad de medicamentos y equipos faltantes.<\/p>\n\n\n\n<p>Este lunes sesion\u00f3 el pleno de delegados de la Subsecci\u00f3n 02 Istmo, de la Secci\u00f3n 35 del Sindicato Nacional de Trabajadores de la Secretar\u00eda de Salud, tras lo cual tomaron la determinaci\u00f3n del paro, en la modalidad de asamblea permanente en forma indefinida, que iniciar\u00e1 este martes a las 07:00 horas.<\/p>\n\n\n\n<p>Adem\u00e1s, convino en demandar la destituci\u00f3n de Alejo Esa\u00fa Ram\u00edrez como director de Administraci\u00f3n de los SSO; tambi\u00e9n de directivos de hospitales de la regi\u00f3n del Istmo.<\/p>\n\n\n\n<p>El documento en que se plasman los acuerdos est\u00e1 firmado por el secretario General de la Subsecci\u00f3n Istmo, \u00c9dgar Carrasco Mart\u00ednez, as\u00ed como los dem\u00e1s subdelegados sindicales.<\/p>\n\n\n\n<p>Una de las quejas es hasta el momento ni los Servicios de Salud o el IMSS Bienestar ni la dirigencia de la Secci\u00f3n 35 de Salud ha notificado la fecha de la reuni\u00f3n de trabajo solicitada con antelaci\u00f3n.&nbsp;<\/p>\n","protected":false},"excerpt":{"rendered":"<p>Ismael Garc\u00eda M.\/Zona Roja. Oaxaca, Oax., a 2 de junio de 2025.- Trabajadores sindicalizados del&hellip;<\/p>\n","protected":false},"author":2,"featured_media":80941,"comment_status":"closed","ping_status":"open","sticky":false,"template":"","format":"standard","meta":{"_lmt_disableupdate":"","_lmt_disable":"","_jetpack_memberships_contains_paid_content":false,"footnotes":""},"categories":[109,47],"tags":[1005],"class_list":["post-80940","post","type-post","status-publish","format-standard","has-post-thumbnail","hentry","category-minuto-a-minuto","category-zona-gris","tag-servicios-de-salud-de-oaxaca-sso"],"jetpack_featured_media_url":"https:\/\/zonaroja.com.mx\/wp-content\/uploads\/2025\/06\/Paro-de-labores-Salud-Istmo.jpg","jetpack_sharing_enabled":true,"_links":{"self":[{"href":"https:\/\/zonaroja.com.mx\/index.php?rest_route=\/wp\/v2\/posts\/80940","targetHints":{"allow":["GET"]}}],"collection":[{"href":"https:\/\/zonaroja.com.mx\/index.php?rest_route=\/wp\/v2\/posts"}],"about":[{"href":"https:\/\/zonaroja.com.mx\/index.php?rest_route=\/wp\/v2\/types\/post"}],"author":[{"embeddable":true,"href":"https:\/\/zonaroja.com.mx\/index.php?rest_route=\/wp\/v2\/users\/2"}],"replies":[{"embeddable":true,"href":"https:\/\/zonaroja.com.mx\/index.php?rest_route=%2Fwp%2Fv2%2Fcomments&post=80940"}],"version-history":[{"count":1,"href":"https:\/\/zonaroja.com.mx\/index.php?rest_route=\/wp\/v2\/posts\/80940\/revisions"}],"predecessor-version":[{"id":80942,"href":"https:\/\/zonaroja.com.mx\/index.php?rest_route=\/wp\/v2\/posts\/80940\/revisions\/80942"}],"wp:featuredmedia":[{"embeddable":true,"href":"https:\/\/zonaroja.com.mx\/index.php?rest_route=\/wp\/v2\/media\/80941"}],"wp:attachment":[{"href":"https:\/\/zonaroja.com.mx\/index.php?rest_route=%2Fwp%2Fv2%2Fmedia&parent=80940"}],"wp:term":[{"taxonomy":"category","embeddable":true,"href":"https:\/\/zonaroja.com.mx\/index.php?rest_route=%2Fwp%2Fv2%2Fcategories&post=80940"},{"taxonomy":"post_tag","embeddable":true,"href":"https:\/\/zonaroja.com.mx\/index.php?rest_route=%2Fwp%2Fv2%2Ftags&post=80940"}],"curies":[{"name":"wp","href":"https:\/\/api.w.org\/{rel}","templated":true}]}}