{"id":80944,"date":"2025-06-02T22:07:33","date_gmt":"2025-06-03T04:07:33","guid":{"rendered":"https:\/\/zonaroja.com.mx\/?p=80944"},"modified":"2025-06-02T22:07:35","modified_gmt":"2025-06-03T04:07:35","slug":"comando-mata-y-calcina-a-cinco-policias-en-chiapas","status":"publish","type":"post","link":"https:\/\/zonaroja.com.mx\/?p=80944","title":{"rendered":"Comando mata y calcina a cinco polic\u00edas en Chiapas"},"content":{"rendered":"\n<p>Redacci\u00f3n\/Zona Roja Cdmx.<\/p>\n\n\n\n<p>Ciudad de M\u00e9xico, a 2 de junio de 2025.- Al menos cinco polic\u00edas estatales murieron calcinados luego de que un comando armado los emboscara en el poblado Las Champas, municipio de Frontera Comalapa, en Chiapas.<\/p>\n\n\n\n<p>Los hechos ocurrieron poco despu\u00e9s del medio d\u00eda de este lunes 2 de junio, m\u00e1s tarde el gobernador Eduardo Ram\u00edrez recibi\u00f3 el reporte y en un acto p\u00fablico confirm\u00f3 los hechos.<\/p>\n\n\n\n<p>Los nombres de los oficiales asesinados y calcinados son: Guillermo Cortes Morales, Jes\u00fas Sanchez P\u00e9rez, Joel Martinez P\u00e9rez, Brenda Lizbeth Toalla Blanco, Pedro Hern\u00e1ndez Hern\u00e1ndez.<\/p>\n\n\n\n<p>El gobernador Eduardo Ram\u00edrez Aguilar lanz\u00f3 una condena p\u00fablica por el atentado contra elementos de la Polic\u00eda Estatal en Frontera Comalapa. Enfatiz\u00f3 que \u201chabr\u00e1 una respuesta ante estos hechos y que se aplicar\u00e1 la Ley\u201d.<\/p>\n\n\n\n<p>En sus redes sociales dijo que \u201cen el camino que conduce al ejido Sabinalito, Frontera Comalapa, elementos de la polic\u00eda estatal fueron atacados y emboscados\u201d.<\/p>\n\n\n\n<p>\u201cAnte estos hechos, les afirmo que habr\u00e1 una respuesta clara y contundente con la aplicaci\u00f3n irrestricta de la ley. M\u00e1s tarde, el Gabinete de Seguridad proporcionar\u00e1 m\u00e1s informaci\u00f3n y detalles sobre la situaci\u00f3n. \u00a1Aqu\u00ed no hay lugar al miedo!\u201d, dijo el mandatario.<\/p>\n\n\n\n<p>Para ser precisos, la emboscada ocurri\u00f3 en Las Champas, Chiapas, a la altura del basurero, entre 200 y 300 metros de la l\u00ednea fronteriza, del otro lado ya es el poblado de La Mesilla, Guatemala, donde supuestamente huyeron los criminales tras perpetrar la emboscada.<\/p>\n\n\n\n<p>La Secretaria de Seguridad del Pueblo dijo en una misiva que \u201cDerivado de una emboscada por un grupo de la delincuencia organizada, elementos de la Polic\u00eda Estatal Preventiva (PEP) fueron emboscados y atacados en Sabinalito de Frontera Comalapa, por lo que m\u00e1s de mil elementos de la Secretar\u00eda de Seguridad del Pueblo acuden al lugar de los hechos para atender la situaci\u00f3n y garantizar la seguridad en la zona\u201d.<\/p>\n\n\n\n<p>La Secretar\u00eda de Seguridad del Pueblo reiter\u00f3 su compromiso con la paz y la seguridad en Chiapas, y asegur\u00f3 que no permitir\u00e1 que la delincuencia organizada arrebate la tranquilidad a las y los ciudadanos.<\/p>\n\n\n\n<p>Expuso que se mantendr\u00e1 una presencia fuerte y decidida en la regi\u00f3n para proteger a la poblaci\u00f3n.<\/p>\n\n\n\n<p>La Fiscal\u00eda General del Estado inform\u00f3 que ya inici\u00f3 las investigaciones ante la agresi\u00f3n que sufrieron elementos de la Secretar\u00eda de Seguridad del Pueblo en el ejido Sabinalito de Frontera Comalapa.<\/p>\n\n\n\n<p>El Fiscal General del Estado, Jorge Luis Llaven Abarca, orden\u00f3 un despliegue de personal especializado en la zona para esclarecer los hechos.<\/p>\n\n\n\n<p>\u201cSe garantiza que en este caso, como en todas las investigaciones que este \u00f3rgano aut\u00f3nomo realiza, se llegar\u00e1 hasta las \u00faltimas consecuencias y no habr\u00e1 impunidad\u201d, dijo la FGE.<\/p>\n\n\n\n<p>(Informaci\u00f3n de \u201cEl Financiero\u201d)<\/p>\n","protected":false},"excerpt":{"rendered":"<p>Redacci\u00f3n\/Zona Roja Cdmx. Ciudad de M\u00e9xico, a 2 de junio de 2025.- Al menos cinco&hellip;<\/p>\n","protected":false},"author":2,"featured_media":80945,"comment_status":"closed","ping_status":"open","sticky":false,"template":"","format":"standard","meta":{"_lmt_disableupdate":"","_lmt_disable":"","_jetpack_memberships_contains_paid_content":false,"footnotes":""},"categories":[109,51],"tags":[3927],"class_list":["post-80944","post","type-post","status-publish","format-standard","has-post-thumbnail","hentry","category-minuto-a-minuto","category-zona-roja","tag-violencia-en-chiapas"],"jetpack_featured_media_url":"https:\/\/zonaroja.com.mx\/wp-content\/uploads\/2025\/06\/Policias-asesinados-Chiapas.jpg","jetpack_sharing_enabled":true,"_links":{"self":[{"href":"https:\/\/zonaroja.com.mx\/index.php?rest_route=\/wp\/v2\/posts\/80944","targetHints":{"allow":["GET"]}}],"collection":[{"href":"https:\/\/zonaroja.com.mx\/index.php?rest_route=\/wp\/v2\/posts"}],"about":[{"href":"https:\/\/zonaroja.com.mx\/index.php?rest_route=\/wp\/v2\/types\/post"}],"author":[{"embeddable":true,"href":"https:\/\/zonaroja.com.mx\/index.php?rest_route=\/wp\/v2\/users\/2"}],"replies":[{"embeddable":true,"href":"https:\/\/zonaroja.com.mx\/index.php?rest_route=%2Fwp%2Fv2%2Fcomments&post=80944"}],"version-history":[{"count":1,"href":"https:\/\/zonaroja.com.mx\/index.php?rest_route=\/wp\/v2\/posts\/80944\/revisions"}],"predecessor-version":[{"id":80946,"href":"https:\/\/zonaroja.com.mx\/index.php?rest_route=\/wp\/v2\/posts\/80944\/revisions\/80946"}],"wp:featuredmedia":[{"embeddable":true,"href":"https:\/\/zonaroja.com.mx\/index.php?rest_route=\/wp\/v2\/media\/80945"}],"wp:attachment":[{"href":"https:\/\/zonaroja.com.mx\/index.php?rest_route=%2Fwp%2Fv2%2Fmedia&parent=80944"}],"wp:term":[{"taxonomy":"category","embeddable":true,"href":"https:\/\/zonaroja.com.mx\/index.php?rest_route=%2Fwp%2Fv2%2Fcategories&post=80944"},{"taxonomy":"post_tag","embeddable":true,"href":"https:\/\/zonaroja.com.mx\/index.php?rest_route=%2Fwp%2Fv2%2Ftags&post=80944"}],"curies":[{"name":"wp","href":"https:\/\/api.w.org\/{rel}","templated":true}]}}