{"id":80950,"date":"2025-06-03T08:15:00","date_gmt":"2025-06-03T14:15:00","guid":{"rendered":"https:\/\/zonaroja.com.mx\/?p=80950"},"modified":"2025-06-03T07:43:55","modified_gmt":"2025-06-03T13:43:55","slug":"caso-maria-del-sol-7-anos-84-meses-2-mil-555-dias-de-impunidad","status":"publish","type":"post","link":"https:\/\/zonaroja.com.mx\/?p=80950","title":{"rendered":"Caso Mar\u00eda del Sol: 7 a\u00f1os, 84 meses, 2 mil 555 d\u00edas de impunidad"},"content":{"rendered":"\n<p>Ismael Garc\u00eda M.\/Zona Roja.<\/p>\n\n\n\n<p>Oaxaca, Oax., a 3 de junio de 2025.- Al cumplirse siete a\u00f1os del crimen de Mar\u00eda del Sol Cruz Jarqu\u00edn, su madre, la periodista Mar\u00eda del Sol Cruz Jarqu\u00edn, reproch\u00f3 que persista la impunidad en este caso, ocurrido en Juchit\u00e1n de Zaragoza.<\/p>\n\n\n\n<p>\u201cA 7 a\u00f1os, 84 meses, 2 mil 555 d\u00edas del 2 de junio de 2018, de nueva cuenta estamos aqu\u00ed como lo hemos hecho cada a\u00f1o para exigir justicia para Mar\u00eda del Sol.<\/p>\n\n\n\n<p>\u201c84 meses sin Mar\u00eda del Sol, un tiempo suspendido para quienes seguimos la vida sin ella, alimentando su recuerdo en silencio o entre pl\u00e1ticas, mirando sus fotograf\u00edas colocadas en la pared, escuchando una grabaci\u00f3n con su voz, un video\u201d, destac\u00f3.<\/p>\n\n\n\n<p>La comunicadora, acompa\u00f1ada de familiares e integrantes de la asociaci\u00f3n civil Consorcio Oaxaca, efectuaron la tarde de ayer un memorial en la fuente de las Ocho Regiones, en que tambi\u00e9n se leyeron poemas.<\/p>\n\n\n\n<p>\u201cAlimentamos su presencia imaginando qu\u00e9 habr\u00eda hecho en estos siete a\u00f1os, las veces que habr\u00edamos dividido nuestras opiniones y las veces en que habr\u00edamos felizmente coincidido, qu\u00e9 estar\u00eda planeando para celebrar su cumplea\u00f1os 35, gozando cada instante de su vida, celebrando despertar cada d\u00eda&#8230;&nbsp;<\/p>\n\n\n\n<p>\u201cAlgo que ya no pas\u00f3 aquel 2 de junio de 2018, cuando el deseo de poder, lejano a ella, nos arrebat\u00f3 su presencia siempre amorosa, siempre entusiasta, siempre ocurrente, llena de sue\u00f1os, de metas por alcanzar, de proyectos fotogr\u00e1ficos y de ideas para grabar en video, Mar\u00eda del Sol, no solo fue un sol en la casa, fue un torbellino de calidez\u201d.<\/p>\n\n\n\n<p>Soledad Jarqu\u00edn record\u00f3 que han tocado puertas de instancias nacionales e internacionales, como es el caso de la CEDAW, de la que se espera una resoluci\u00f3n.<\/p>\n\n\n\n<p>\u201cHablamos con las y los funcionarios de todos los niveles de gobierno, con alg\u00fan inter\u00e9s en la justicia y la verdad o al menos para eso les pagan. Enfrentamos la indiferencia, las omisiones, las burlas, los obst\u00e1culos con estoicismo y resiliencia para no quebrantar nuestras vidas, para seguir&#8230;<\/p>\n\n\n\n<p>\u201cNos emocionamos con la luz de una o varias promesas que al cabo del tiempo terminaron en el basurero que colocan debajo de sus escritorios los funcionarios\u201d, dijo en su mensaje.<\/p>\n\n\n\n<p>Detall\u00f3 que han dado puntual lectura y seguimiento a cada una de las m\u00e1s de 10 mil fojas que componen los cuatro expedientes fundamentales: homicidio calificado, robo agravado, delito electoral y feminicidio.&nbsp;<\/p>\n\n\n\n<p>Adem\u00e1s de otras cinco mil fojas de dos carpetas m\u00e1s, una por corrupci\u00f3n y desv\u00edo de recursos y otro por un procedimiento especial sancionador que lleg\u00f3 a todos y cada uno de los niveles de los tribunales, en el \u00e1mbito local y del Poder Judicial Electoral de la Federaci\u00f3n.&nbsp;<\/p>\n\n\n\n<p>\u201cDos de esas carpetas sobrese\u00eddas, porque no hab\u00eda m\u00e1s posibilidades de investigar, como dijeron. Hemos hecho lo que nos ha tocado hacer, no tuvimos ninguna respuesta, ninguna.<\/p>\n\n\n\n<p>\u201cFrente a nosotras, la pared de la impunidad se convirti\u00f3 en vac\u00edo, en la nada infinita, el fracaso de la autoridad que solo ha dicho cosas incre\u00edbles, que ha guardado silencios, que ha ocultado informaci\u00f3n para favorecer a los feminicidas\u201d, dijo.<\/p>\n\n\n\n<p>Agreg\u00f3 que por ello resulta vergonzoso e indignante escuchar a las y los funcionarios prometiendo que van a cambiar el sistema de justicia, \u201cla pregunta es \u00bfc\u00f3mo lo van a hacer?\u201d.<\/p>\n\n\n\n<p>\u201cPero la verg\u00fcenza no es nuestra, la verg\u00fcenza no es de las madres, la verg\u00fcenza no es las familias, no es de nuestras hijas, la verg\u00fcenza es para el Estado que ha sido incapaz de cumplir con su tarea\u201d, sostuvo.<\/p>\n\n\n\n<figure class=\"wp-block-embed is-type-rich is-provider-twitter wp-block-embed-twitter\"><div class=\"wp-block-embed__wrapper\">\n<div class=\"twitter-tweet\"><blockquote class=\"twitter-tweet\" data-lang=\"es\"><p lang=\"es\" dir=\"ltr\">\u201cLa definici\u00f3n de justicia siempre es diferente para las v\u00edctimas, para los victimarios y para el sistema, la prueba fehaciente de lo que digo son estos dos mil 555 d\u00edas sin encontrar la puerta para llegar a ella. <br><br>\u201cPero la verg\u00fcenza no es nuestra, la verg\u00fcenza no es de las\u2026 <a href=\"https:\/\/t.co\/MZ0qsnPX4S\">pic.twitter.com\/MZ0qsnPX4S<\/a><\/p>&mdash; Zona Roja Oaxaca (@ZonaRoja_Oaxaca) <a href=\"https:\/\/twitter.com\/ZonaRoja_Oaxaca\/status\/1929732548088803609?ref_src=twsrc%5Etfw\">3 de junio de 2025<\/a><\/blockquote><\/div>\n<\/div><\/figure>\n","protected":false},"excerpt":{"rendered":"<p>Ismael Garc\u00eda M.\/Zona Roja. Oaxaca, Oax., a 3 de junio de 2025.- Al cumplirse siete&hellip;<\/p>\n","protected":false},"author":2,"featured_media":80951,"comment_status":"closed","ping_status":"open","sticky":false,"template":"","format":"standard","meta":{"_lmt_disableupdate":"","_lmt_disable":"","_jetpack_memberships_contains_paid_content":false,"footnotes":""},"categories":[109,46],"tags":[1059,1105],"class_list":["post-80950","post","type-post","status-publish","format-standard","has-post-thumbnail","hentry","category-minuto-a-minuto","category-zona-blanca","tag-maria-del-sol-cruz-jarquin","tag-soledad-jarquin-edgar"],"jetpack_featured_media_url":"https:\/\/zonaroja.com.mx\/wp-content\/uploads\/2025\/06\/Siete-anos-Maria-del-Sol-Cruz-Soledad-Jarquin.jpg","jetpack_sharing_enabled":true,"_links":{"self":[{"href":"https:\/\/zonaroja.com.mx\/index.php?rest_route=\/wp\/v2\/posts\/80950","targetHints":{"allow":["GET"]}}],"collection":[{"href":"https:\/\/zonaroja.com.mx\/index.php?rest_route=\/wp\/v2\/posts"}],"about":[{"href":"https:\/\/zonaroja.com.mx\/index.php?rest_route=\/wp\/v2\/types\/post"}],"author":[{"embeddable":true,"href":"https:\/\/zonaroja.com.mx\/index.php?rest_route=\/wp\/v2\/users\/2"}],"replies":[{"embeddable":true,"href":"https:\/\/zonaroja.com.mx\/index.php?rest_route=%2Fwp%2Fv2%2Fcomments&post=80950"}],"version-history":[{"count":1,"href":"https:\/\/zonaroja.com.mx\/index.php?rest_route=\/wp\/v2\/posts\/80950\/revisions"}],"predecessor-version":[{"id":80952,"href":"https:\/\/zonaroja.com.mx\/index.php?rest_route=\/wp\/v2\/posts\/80950\/revisions\/80952"}],"wp:featuredmedia":[{"embeddable":true,"href":"https:\/\/zonaroja.com.mx\/index.php?rest_route=\/wp\/v2\/media\/80951"}],"wp:attachment":[{"href":"https:\/\/zonaroja.com.mx\/index.php?rest_route=%2Fwp%2Fv2%2Fmedia&parent=80950"}],"wp:term":[{"taxonomy":"category","embeddable":true,"href":"https:\/\/zonaroja.com.mx\/index.php?rest_route=%2Fwp%2Fv2%2Fcategories&post=80950"},{"taxonomy":"post_tag","embeddable":true,"href":"https:\/\/zonaroja.com.mx\/index.php?rest_route=%2Fwp%2Fv2%2Ftags&post=80950"}],"curies":[{"name":"wp","href":"https:\/\/api.w.org\/{rel}","templated":true}]}}