{"id":80953,"date":"2025-06-03T09:15:00","date_gmt":"2025-06-03T15:15:00","guid":{"rendered":"https:\/\/zonaroja.com.mx\/?p=80953"},"modified":"2025-06-03T08:01:57","modified_gmt":"2025-06-03T14:01:57","slug":"segundo-asesinato-ayer-en-el-istmo-ahora-en-el-espinal","status":"publish","type":"post","link":"https:\/\/zonaroja.com.mx\/?p=80953","title":{"rendered":"Segundo asesinato ayer en el Istmo, ahora en El Espinal"},"content":{"rendered":"\n<p>Raymundo Morales\/Zona Roja.<\/p>\n\n\n\n<p>Oaxaca, Oax., a 3 de junio de 2025.- Una segunda persona fue asesinada a balazos ayer lunes en la regi\u00f3n del Istmo de Tehuantepec.<\/p>\n\n\n\n<p>El m\u00e1s reciente caso ocurri\u00f3 anoche en El Espinal, municipio conurbado a Juchit\u00e1n de Zaragoza, donde un individuo fue ejecutado en la v\u00eda p\u00fablica.<\/p>\n\n\n\n<p>En la calle Allende, a escasas cuadras del palacio municipal, acribillaron a quien fue identificado como Francisco Javier R. A., de 36 a\u00f1os de edad.<\/p>\n\n\n\n<p>Adem\u00e1s de casquillos percutidos, al parecer de arma de grueso calibre, en el lugar fue localizada una cartulina con un mensaje de un grupo criminal.<\/p>\n\n\n\n<p>Elementos policiacos arribaron a la zona pero s\u00f3lo para resguardar la escena del crimen, mientras que personal de la Vicefiscal\u00eda Regional del Istmo, dependiente de la Fiscal\u00eda General del Estado de Oaxaca, efectu\u00f3 las labores periciales.<\/p>\n\n\n\n<p>Por la ma\u00f1ana de ayer, otro individuo, de 25 a\u00f1os de edad, fue ultimado a balazos en Mat\u00edas Romero Avenda\u00f1o, municipio de la regi\u00f3n del Istmo de Tehuantepec.<\/p>\n\n\n\n<p>En ese contexto, ayer la Fiscal\u00eda General del Estado de Oaxaca dio a conocer a detenci\u00f3n de cinco presuntos delincuentes, incluyendo el cabecilla de una organizaci\u00f3n criminal que ha cometido diversos homicidios principalmente en Ciudad Ixtepec.<\/p>\n","protected":false},"excerpt":{"rendered":"<p>Raymundo Morales\/Zona Roja. Oaxaca, Oax., a 3 de junio de 2025.- Una segunda persona fue&hellip;<\/p>\n","protected":false},"author":2,"featured_media":80954,"comment_status":"closed","ping_status":"open","sticky":false,"template":"","format":"standard","meta":{"_lmt_disableupdate":"","_lmt_disable":"","_jetpack_memberships_contains_paid_content":false,"footnotes":""},"categories":[109,51],"tags":[1088],"class_list":["post-80953","post","type-post","status-publish","format-standard","has-post-thumbnail","hentry","category-minuto-a-minuto","category-zona-roja","tag-el-espinal"],"jetpack_featured_media_url":"https:\/\/zonaroja.com.mx\/wp-content\/uploads\/2025\/06\/El-Espinal-Oaxaca.jpg.webp","jetpack_sharing_enabled":true,"_links":{"self":[{"href":"https:\/\/zonaroja.com.mx\/index.php?rest_route=\/wp\/v2\/posts\/80953","targetHints":{"allow":["GET"]}}],"collection":[{"href":"https:\/\/zonaroja.com.mx\/index.php?rest_route=\/wp\/v2\/posts"}],"about":[{"href":"https:\/\/zonaroja.com.mx\/index.php?rest_route=\/wp\/v2\/types\/post"}],"author":[{"embeddable":true,"href":"https:\/\/zonaroja.com.mx\/index.php?rest_route=\/wp\/v2\/users\/2"}],"replies":[{"embeddable":true,"href":"https:\/\/zonaroja.com.mx\/index.php?rest_route=%2Fwp%2Fv2%2Fcomments&post=80953"}],"version-history":[{"count":1,"href":"https:\/\/zonaroja.com.mx\/index.php?rest_route=\/wp\/v2\/posts\/80953\/revisions"}],"predecessor-version":[{"id":80955,"href":"https:\/\/zonaroja.com.mx\/index.php?rest_route=\/wp\/v2\/posts\/80953\/revisions\/80955"}],"wp:featuredmedia":[{"embeddable":true,"href":"https:\/\/zonaroja.com.mx\/index.php?rest_route=\/wp\/v2\/media\/80954"}],"wp:attachment":[{"href":"https:\/\/zonaroja.com.mx\/index.php?rest_route=%2Fwp%2Fv2%2Fmedia&parent=80953"}],"wp:term":[{"taxonomy":"category","embeddable":true,"href":"https:\/\/zonaroja.com.mx\/index.php?rest_route=%2Fwp%2Fv2%2Fcategories&post=80953"},{"taxonomy":"post_tag","embeddable":true,"href":"https:\/\/zonaroja.com.mx\/index.php?rest_route=%2Fwp%2Fv2%2Ftags&post=80953"}],"curies":[{"name":"wp","href":"https:\/\/api.w.org\/{rel}","templated":true}]}}