{"id":80962,"date":"2025-06-03T12:23:00","date_gmt":"2025-06-03T18:23:00","guid":{"rendered":"https:\/\/zonaroja.com.mx\/?p=80962"},"modified":"2025-06-03T08:28:00","modified_gmt":"2025-06-03T14:28:00","slug":"opinion-con-las-manos-vacias","status":"publish","type":"post","link":"https:\/\/zonaroja.com.mx\/?p=80962","title":{"rendered":"Opini\u00f3n. \u00bfCon las manos vac\u00edas?"},"content":{"rendered":"\n<p>Isidoro Yescas*<\/p>\n\n\n\n<p>Despu\u00e9s de dos semanas de paro y&nbsp;movilizaciones,&nbsp;y&nbsp;con un escenario pol\u00edtico &nbsp;adverso para abrogar la ley del ISSSTE del 2007,&nbsp;la CNTE&nbsp;acord\u00f3 la noche del domingo primero de junio&nbsp;no&nbsp;replegarse y&nbsp;continuar con su plant\u00f3n en el z\u00f3calo de la ciudad de M\u00e9xico y sus movilizaciones.&nbsp;<\/p>\n\n\n\n<p>Sin embargo&nbsp;es un&nbsp;hecho&nbsp;&nbsp;que,&nbsp;a pesar de su enorme capacidad para presionar y movilizarse, en esta ocasi\u00f3n no solamente&nbsp;han lidiado con la postura inflexible del gobierno federal, sino con todo el aparato del Estado y buena parte de los medios de informaci\u00f3n nacionales.&nbsp;<\/p>\n\n\n\n<p>Es cierto que, a contrapelo de la desmovilizaci\u00f3n observada durante el sexenio&nbsp;obradorista, en esta ocasi\u00f3n la CNTE rompi\u00f3 con esa inercia&nbsp;y logr\u00f3 recuperar las calles,&nbsp;concentrando &nbsp;la&nbsp;mayor parte de sus fuerzas en la ciudad de M\u00e9xico&nbsp;con el claro objetivo de poner el acento en la necesidad de sentar en la mesa de las negociaciones a la plana mayor del gobierno federal y a la misma presidenta Claudia Sheinbaum.<\/p>\n\n\n\n<p>Con AMLO esto \u00faltimo no cost\u00f3 mucho trabajo porque en reciprocidad por el apoyo pol\u00edtico recibido en su&nbsp;campa\u00f1a &nbsp;electoral&nbsp;por amplios sectores del magisterio democr\u00e1tico,&nbsp;los pliegos petitorios de la CNTE, y de la Secci\u00f3n 22 del SNTE en particular,&nbsp;tuvieron el visto bueno del&nbsp;expresidente de la rep\u00fablica. No obstante,&nbsp;algunas demandas centrales como la abrogaci\u00f3n de la reforma educativa pe\u00f1ista y la ley del ISSSTE del&nbsp;2007&nbsp;no&nbsp;tuvieron la misma respuesta: la reforma educativa pe\u00f1ista se abrog\u00f3 pero su nueva versi\u00f3n no satisfizo totalmente a la CNTE y en el caso de la abrogaci\u00f3n de la Ley del ISSSTE 2007 de plano se dej\u00f3 para otra ocasi\u00f3n que nunca lleg\u00f3.<\/p>\n\n\n\n<p>Con el nuevo sexenio de la 4T,&nbsp;dos&nbsp;factores&nbsp;resultaron claves para un cambio de postura y &nbsp;el endurecimiento del gobierno&nbsp;claudista&nbsp;respecto a quienes todav\u00eda hasta antes del inicio del paro indefinido consideraban sus aliados:&nbsp;el boicot &nbsp;a la Ma\u00f1anera presidencial y el amago de movilizarse para el primero de junio, d\u00eda de los comicios de la elecci\u00f3n judicial.&nbsp;<\/p>\n\n\n\n<p>Esto \u00faltimo no sucedi\u00f3 porque ya para entonces todo el aparato del Estado&nbsp;hab\u00eda aceitado su maquinaria propagand\u00edstica para descalificar los m\u00e9todos de lucha de la CNTE, ofrecer respuestas que ni por error alud\u00edan a la posibilidad de abrogar la ley del ISSSTE 2007 y&nbsp;montar una operaci\u00f3n desmovilizadora&nbsp;desde las oficinas de la SEP y Gobernaci\u00f3n, por un lado, y por el gobierno del estado de Oaxaca, por el otro, para&nbsp;dividir a&nbsp;la CNTE, &nbsp;y especialmente a la Secci\u00f3n 22,&nbsp;con el claro objetivo de&nbsp;crear las condiciones para que&nbsp;levantaran su paro y plant\u00f3n antes del primero de junio.&nbsp;<\/p>\n\n\n\n<p>No hubo boicot a la elecci\u00f3n judicial, pero&nbsp;tampoco funcion\u00f3&nbsp;la operaci\u00f3n de Estado para obligar a las secciones de la CNTE a levantar sus campamentos y regresar a las aulas para&nbsp;el&nbsp;lunes 2 de junio.&nbsp;<\/p>\n\n\n\n<p>Como en otras etapas del movimiento magisterial, el fiel de la balanza&nbsp;para &nbsp;cooptar&nbsp;y dividir fue la Secci\u00f3n 22 del SNTE, el sector m\u00e1s combativo y mayoritariamente representado (y movilizado) en la Ciudad de M\u00e9xico.&nbsp;<\/p>\n\n\n\n<p>De ah\u00ed que el 30 de mayo en un&nbsp;documento de 12 puntos firmado por los titulares de&nbsp;la SEP-IEEPO y&nbsp;el&nbsp;gobierno del estado de Oaxaca&nbsp;se&nbsp;considerara la atenci\u00f3n de algunas demandas ya instituidas desde pasados sexenios como la dotaci\u00f3n de uniformes escolares&nbsp;o la dotaci\u00f3n de luz el\u00e9ctrica para las escuelas y la construcci\u00f3n de un hospital del ISSSTE que no son de exclusivo beneficio para el magisterio,&nbsp;as\u00ed como la autorizaci\u00f3n por parte de la SHCP&nbsp;de \u201chasta 800 millones de pesos\u201d para atender contrataciones, recategorizaciones, promociones,&nbsp;etcdel personal docente y administrativo \u201cpara el pr\u00f3ximo ciclo escolar\u201d.<\/p>\n\n\n\n<p>Nada firme, solo compromisos generales a futuro y sin definir tiempos ni&nbsp;procedimientos &nbsp;que&nbsp;de inmediato fueron rechazadas por la Secci\u00f3n 22 del SNTE.<\/p>\n\n\n\n<p>La larga y tensa asamblea estatal desarrollada el s\u00e1bado 31 y una votaci\u00f3n que por escaso margen&nbsp;y con muchas&nbsp;inconsistencias&nbsp;acordaba&nbsp;el levantamiento del paro y plant\u00f3n fue otra expresi\u00f3n de esa estrategia desmovilizadora urdida por el gobierno primaveral&nbsp;que fracas\u00f3 ante el acuerdo final del magisterio oaxaque\u00f1o movilizado en la ciudad de M\u00e9xico de dejar sin efecto dicha acuerdo.&nbsp;<\/p>\n\n\n\n<p>Ya acordado la continuaci\u00f3n del&nbsp;paro &nbsp;y&nbsp;&nbsp;el reforzamiento del plant\u00f3n y de sus movilizaciones, es probable que el gobierno federal termine por ceder a otras puntos del pliego petitorio de la CNTE,&nbsp;pero sin doblarse&nbsp;en la&nbsp;demanda central de&nbsp;abrogaci\u00f3n de la Ley del ISSSTE 2007.&nbsp;<\/p>\n\n\n\n<p>Paralelamente, sobre todo en el caso de Oaxaca, el gobierno primaveral estar\u00eda ahora &nbsp;presionando desde los municipios para el retorno a clases,&nbsp;mientras que a nivel federal ya no parecen tener mayores recursos pol\u00edticos que operar desde los gobiernos locales.<\/p>\n\n\n\n<p>*Maestro en Sociolog\u00eda y periodista.<\/p>\n\n\n\n<p>X:@YescasIsidoro&nbsp;<\/p>\n","protected":false},"excerpt":{"rendered":"<p>Isidoro Yescas* Despu\u00e9s de dos semanas de paro y&nbsp;movilizaciones,&nbsp;y&nbsp;con un escenario pol\u00edtico &nbsp;adverso para abrogar&hellip;<\/p>\n","protected":false},"author":2,"featured_media":78328,"comment_status":"closed","ping_status":"open","sticky":false,"template":"","format":"standard","meta":{"_lmt_disableupdate":"","_lmt_disable":"","_jetpack_memberships_contains_paid_content":false,"footnotes":""},"categories":[456,109],"tags":[3998],"class_list":["post-80962","post","type-post","status-publish","format-standard","has-post-thumbnail","hentry","category-columna","category-minuto-a-minuto","tag-isidoro-yescas-martinez"],"jetpack_featured_media_url":"https:\/\/zonaroja.com.mx\/wp-content\/uploads\/2025\/03\/Isidoro-Yescas-Martinez.jpg","jetpack_sharing_enabled":true,"_links":{"self":[{"href":"https:\/\/zonaroja.com.mx\/index.php?rest_route=\/wp\/v2\/posts\/80962","targetHints":{"allow":["GET"]}}],"collection":[{"href":"https:\/\/zonaroja.com.mx\/index.php?rest_route=\/wp\/v2\/posts"}],"about":[{"href":"https:\/\/zonaroja.com.mx\/index.php?rest_route=\/wp\/v2\/types\/post"}],"author":[{"embeddable":true,"href":"https:\/\/zonaroja.com.mx\/index.php?rest_route=\/wp\/v2\/users\/2"}],"replies":[{"embeddable":true,"href":"https:\/\/zonaroja.com.mx\/index.php?rest_route=%2Fwp%2Fv2%2Fcomments&post=80962"}],"version-history":[{"count":1,"href":"https:\/\/zonaroja.com.mx\/index.php?rest_route=\/wp\/v2\/posts\/80962\/revisions"}],"predecessor-version":[{"id":80963,"href":"https:\/\/zonaroja.com.mx\/index.php?rest_route=\/wp\/v2\/posts\/80962\/revisions\/80963"}],"wp:featuredmedia":[{"embeddable":true,"href":"https:\/\/zonaroja.com.mx\/index.php?rest_route=\/wp\/v2\/media\/78328"}],"wp:attachment":[{"href":"https:\/\/zonaroja.com.mx\/index.php?rest_route=%2Fwp%2Fv2%2Fmedia&parent=80962"}],"wp:term":[{"taxonomy":"category","embeddable":true,"href":"https:\/\/zonaroja.com.mx\/index.php?rest_route=%2Fwp%2Fv2%2Fcategories&post=80962"},{"taxonomy":"post_tag","embeddable":true,"href":"https:\/\/zonaroja.com.mx\/index.php?rest_route=%2Fwp%2Fv2%2Ftags&post=80962"}],"curies":[{"name":"wp","href":"https:\/\/api.w.org\/{rel}","templated":true}]}}