{"id":80966,"date":"2025-06-03T12:32:00","date_gmt":"2025-06-03T18:32:00","guid":{"rendered":"https:\/\/zonaroja.com.mx\/?p=80966"},"modified":"2025-06-03T08:33:03","modified_gmt":"2025-06-03T14:33:03","slug":"muere-bebe-por-sarampion-en-chihuahua-suman-5-decesos-en-el-pais","status":"publish","type":"post","link":"https:\/\/zonaroja.com.mx\/?p=80966","title":{"rendered":"Muere beb\u00e9 por sarampi\u00f3n en Chihuahua; suman 5 decesos en el pa\u00eds"},"content":{"rendered":"\n<p>Redacci\u00f3n\/Zona Roja Cdmx.<\/p>\n\n\n\n<p>Ciudad de M\u00e9xico, a 3 de junio de 2025.- Una beb\u00e9 muri\u00f3 en Chihuahua por complicaciones de sarampi\u00f3n, con lo que suman cinco decesos a nivel nacional.<\/p>\n\n\n\n<p>Hasta la semana epidemiol\u00f3gica 21, del 18 al 24 de mayo, se han registrado mil 789 casos confirmados de sarampi\u00f3n.<\/p>\n\n\n\n<p>La Secretar\u00eda de Salud federal inform\u00f3 3 muertes por complicaciones de sarampi\u00f3n en Chihuahua y 1 en Sonora.<\/p>\n\n\n\n<p>Pero este lunes, las autoridades sanitarias de Chihuahua informaron una cuarta muerte.<\/p>\n\n\n\n<p>La v\u00edctima es una ni\u00f1a de 2 a\u00f1os y 11 meses de edad, habitante de la comunidad Rar\u00e1muri e hija de padres jornaleros agr\u00edcolas.<\/p>\n\n\n\n<p>La beb\u00e9 no contaba con su esquema completo de vacunaci\u00f3n.<\/p>\n\n\n\n<p>Estuvo hospitalizada en Ojinaga con un cuadro de deshidrataci\u00f3n, diarrea, neumon\u00eda y sarampi\u00f3n, complicaciones que le causaron la muerte.<\/p>\n\n\n\n<p>La Secretar\u00eda de Salud del estado exhort\u00f3 a la poblaci\u00f3n a vacunarse contra el sarampi\u00f3n, en especial los menores, quienes tienen un 10 por ciento de afectaci\u00f3n grave de la enfermedad.<\/p>\n\n\n\n<p>El&nbsp;sarampi\u00f3n&nbsp;una&nbsp;enfermedad altamente contagiosa&nbsp;que se transmite mediante part\u00edculas suspendidas en el aire y secreciones nasales o far\u00edngeas.<\/p>\n\n\n\n<p>Tiene un periodo de incubaci\u00f3n de 7 a 21 d\u00edas y se caracteriza por ocasionar fiebre, conjuntivitis, inflamaci\u00f3n de las mucosas nasales,&nbsp;tos&nbsp;y&nbsp;manchas peque\u00f1as&nbsp;con un centro blanco o blanco azulado.<\/p>\n\n\n\n<p>Puede llegar a causar la&nbsp;muerte al derivar, en casos graves, en neumon\u00eda o encefalitis, entre otras.<\/p>\n\n\n\n<p>(Con informaci\u00f3n de L\u00f3pez-D\u00f3riga Digital)<\/p>\n","protected":false},"excerpt":{"rendered":"<p>Redacci\u00f3n\/Zona Roja Cdmx. Ciudad de M\u00e9xico, a 3 de junio de 2025.- Una beb\u00e9 muri\u00f3&hellip;<\/p>\n","protected":false},"author":2,"featured_media":79511,"comment_status":"closed","ping_status":"open","sticky":false,"template":"","format":"standard","meta":{"_lmt_disableupdate":"","_lmt_disable":"","_jetpack_memberships_contains_paid_content":false,"footnotes":""},"categories":[109,47],"tags":[],"class_list":["post-80966","post","type-post","status-publish","format-standard","has-post-thumbnail","hentry","category-minuto-a-minuto","category-zona-gris"],"jetpack_featured_media_url":"https:\/\/zonaroja.com.mx\/wp-content\/uploads\/2025\/04\/Brote-de-sarampion.jpg","jetpack_sharing_enabled":true,"_links":{"self":[{"href":"https:\/\/zonaroja.com.mx\/index.php?rest_route=\/wp\/v2\/posts\/80966","targetHints":{"allow":["GET"]}}],"collection":[{"href":"https:\/\/zonaroja.com.mx\/index.php?rest_route=\/wp\/v2\/posts"}],"about":[{"href":"https:\/\/zonaroja.com.mx\/index.php?rest_route=\/wp\/v2\/types\/post"}],"author":[{"embeddable":true,"href":"https:\/\/zonaroja.com.mx\/index.php?rest_route=\/wp\/v2\/users\/2"}],"replies":[{"embeddable":true,"href":"https:\/\/zonaroja.com.mx\/index.php?rest_route=%2Fwp%2Fv2%2Fcomments&post=80966"}],"version-history":[{"count":1,"href":"https:\/\/zonaroja.com.mx\/index.php?rest_route=\/wp\/v2\/posts\/80966\/revisions"}],"predecessor-version":[{"id":80967,"href":"https:\/\/zonaroja.com.mx\/index.php?rest_route=\/wp\/v2\/posts\/80966\/revisions\/80967"}],"wp:featuredmedia":[{"embeddable":true,"href":"https:\/\/zonaroja.com.mx\/index.php?rest_route=\/wp\/v2\/media\/79511"}],"wp:attachment":[{"href":"https:\/\/zonaroja.com.mx\/index.php?rest_route=%2Fwp%2Fv2%2Fmedia&parent=80966"}],"wp:term":[{"taxonomy":"category","embeddable":true,"href":"https:\/\/zonaroja.com.mx\/index.php?rest_route=%2Fwp%2Fv2%2Fcategories&post=80966"},{"taxonomy":"post_tag","embeddable":true,"href":"https:\/\/zonaroja.com.mx\/index.php?rest_route=%2Fwp%2Fv2%2Ftags&post=80966"}],"curies":[{"name":"wp","href":"https:\/\/api.w.org\/{rel}","templated":true}]}}