{"id":80968,"date":"2025-06-03T18:13:19","date_gmt":"2025-06-04T00:13:19","guid":{"rendered":"https:\/\/zonaroja.com.mx\/?p=80968"},"modified":"2025-06-03T18:13:21","modified_gmt":"2025-06-04T00:13:21","slug":"indagan-crimen-de-mototaxista-en-oaxaca-capital","status":"publish","type":"post","link":"https:\/\/zonaroja.com.mx\/?p=80968","title":{"rendered":"Indagan crimen de mototaxista en Oaxaca capital"},"content":{"rendered":"\n<p>Raymundo Morales\/Zona Roja.<\/p>\n\n\n\n<p>Oaxaca de Ju\u00e1rez, Oax., a 3 de junio de 2025.- La Fiscal\u00eda General del Estado de Oaxaca confirm\u00f3 el asesinato de una persona del sexo masculino, perpetrado la ma\u00f1ana de este martes al norte de la capital del estado.<\/p>\n\n\n\n<p>El hecho ocurri\u00f3 alrededor de las 09:30 horas en la calle Bugambilias de la colonia Jard\u00edn, donde sujetos desconocidos, presuntamente a bordo de una motocicleta, acribillaron a quien fue identificado con las iniciales J. P. S., de 30 a\u00f1os de edad.<\/p>\n\n\n\n<p>La v\u00edctima fue auxiliada por sus familiares y mototaxistas, quienes lo auxiliaron para trasladarlo a una cl\u00ednica; sin embargo, muri\u00f3 en el trayecto.<\/p>\n\n\n\n<p>En un comunicado, la Fiscal\u00eda de Oaxaca dio a conocer que ha desplegado un equipo multidisciplinario conformado por peritos, as\u00ed como el Ministerio P\u00fablico y elementos de la Agencia Estatal de Investigaciones, adem\u00e1s de activar los protocolos correspondientes para la investigaci\u00f3n ministerial que permita esclarecer los hechos, y presentar ante la ley a quien o quienes resulten responsables de este delito.<\/p>\n\n\n\n<p>En conferencia de prensa, el secretario de Seguridad P\u00fablica de la capital, Claudio de Jes\u00fas P\u00e9rez y P\u00e9rez, inform\u00f3 que luego de tener conocimiento de los hechos de inmediato se trasladaron elementos policiacos a la zona.<\/p>\n\n\n\n<p>\u201cEste suceso es lamentable; sin embargo ya se est\u00e1 trabajando en la b\u00fasqueda de los responsables; ya se est\u00e1n recabando los datos, iban a bordo de una motocicleta y estamos haciendo los patrullajes para tratar de ubicarlos incluso con la utilizaci\u00f3n de la videovigilancia\u201d, expuso.<\/p>\n\n\n\n<p>Raymundo Chagoya, presidente municipal de Oaxaca de Ju\u00e1rez, expres\u00f3 sus condolencias y a\u00f1adi\u00f3 que este hecho no quedar\u00e1 impune y hay el apoyo necesario de la Fiscal\u00eda General del Estado para lograr justicia.<\/p>\n","protected":false},"excerpt":{"rendered":"<p>Raymundo Morales\/Zona Roja. Oaxaca de Ju\u00e1rez, Oax., a 3 de junio de 2025.- La Fiscal\u00eda&hellip;<\/p>\n","protected":false},"author":2,"featured_media":80969,"comment_status":"closed","ping_status":"open","sticky":false,"template":"","format":"standard","meta":{"_lmt_disableupdate":"","_lmt_disable":"","_jetpack_memberships_contains_paid_content":false,"footnotes":""},"categories":[109,51],"tags":[148],"class_list":["post-80968","post","type-post","status-publish","format-standard","has-post-thumbnail","hentry","category-minuto-a-minuto","category-zona-roja","tag-oaxaca-de-juarez"],"jetpack_featured_media_url":"https:\/\/zonaroja.com.mx\/wp-content\/uploads\/2025\/06\/fc4e1b48-7306-44e7-ab43-5481e37dbf4e.jpg","jetpack_sharing_enabled":true,"_links":{"self":[{"href":"https:\/\/zonaroja.com.mx\/index.php?rest_route=\/wp\/v2\/posts\/80968","targetHints":{"allow":["GET"]}}],"collection":[{"href":"https:\/\/zonaroja.com.mx\/index.php?rest_route=\/wp\/v2\/posts"}],"about":[{"href":"https:\/\/zonaroja.com.mx\/index.php?rest_route=\/wp\/v2\/types\/post"}],"author":[{"embeddable":true,"href":"https:\/\/zonaroja.com.mx\/index.php?rest_route=\/wp\/v2\/users\/2"}],"replies":[{"embeddable":true,"href":"https:\/\/zonaroja.com.mx\/index.php?rest_route=%2Fwp%2Fv2%2Fcomments&post=80968"}],"version-history":[{"count":1,"href":"https:\/\/zonaroja.com.mx\/index.php?rest_route=\/wp\/v2\/posts\/80968\/revisions"}],"predecessor-version":[{"id":80970,"href":"https:\/\/zonaroja.com.mx\/index.php?rest_route=\/wp\/v2\/posts\/80968\/revisions\/80970"}],"wp:featuredmedia":[{"embeddable":true,"href":"https:\/\/zonaroja.com.mx\/index.php?rest_route=\/wp\/v2\/media\/80969"}],"wp:attachment":[{"href":"https:\/\/zonaroja.com.mx\/index.php?rest_route=%2Fwp%2Fv2%2Fmedia&parent=80968"}],"wp:term":[{"taxonomy":"category","embeddable":true,"href":"https:\/\/zonaroja.com.mx\/index.php?rest_route=%2Fwp%2Fv2%2Fcategories&post=80968"},{"taxonomy":"post_tag","embeddable":true,"href":"https:\/\/zonaroja.com.mx\/index.php?rest_route=%2Fwp%2Fv2%2Ftags&post=80968"}],"curies":[{"name":"wp","href":"https:\/\/api.w.org\/{rel}","templated":true}]}}