{"id":80974,"date":"2025-06-03T21:27:23","date_gmt":"2025-06-04T03:27:23","guid":{"rendered":"https:\/\/zonaroja.com.mx\/?p=80974"},"modified":"2025-06-03T21:27:29","modified_gmt":"2025-06-04T03:27:29","slug":"casa-blanca-reconoce-a-sheinbaum-por-reforzar-seguridad-en-la-frontera","status":"publish","type":"post","link":"https:\/\/zonaroja.com.mx\/?p=80974","title":{"rendered":"Casa Blanca reconoce a Sheinbaum por reforzar seguridad en la frontera"},"content":{"rendered":"\n<p>Redacci\u00f3n\/Zona Roja Cdmx.<\/p>\n\n\n\n<p>Ciudad de M\u00e9xico, a 3 de junio de 2027.- La Casa Blanca volvi\u00f3 a hablar sobre la relevancia de Claudia Sheinbaum para reducir el tr\u00e1fico de fentanilo en la frontera de M\u00e9xico con Estados Unidos. Este martes 3 de junio, la portavoz de Donald Trump, Karoline Leavitt, reconoci\u00f3 el papel de la mandataria mexicana y reivindic\u00f3 la relaci\u00f3n que mantiene con el gobierno de EEUU.<\/p>\n\n\n\n<p>Durante una conferencia de prensa desde la Casa Blanca, Karoline Leavitt asegur\u00f3 que las pol\u00edticas impuestas por Trump en la frontera con M\u00e9xico, as\u00ed como el fortalecimiento de la relaci\u00f3n con el gobierno de M\u00e9xico, han sido los dos motivos fundamentales para frenar el tr\u00e1fico de drogas \u201cy de personas\u201d en la frontera.<\/p>\n\n\n\n<p>\u201cNo hay ning\u00fan misterio sobre como ha ca\u00eddo el ingreso de fentanilo a Estados Unidos. Las fuertes pol\u00edticas fronterizas de esta administraci\u00f3n son la raz\u00f3n por la que ha decrecido el tr\u00e1fico de fentanilo. Su fortalecida relaci\u00f3n con la presidenta mexicana Sheinbaum y todas las medidas que ha tomado para desalentar el tr\u00e1fico ilegal de personas y drogas en nuestra frontera sur son las razones de la ca\u00edda en picada de las incautaciones de fentanilo\u201d, mencion\u00f3 ante los medios de comunicaci\u00f3n.<\/p>\n\n\n\n<p>El tema tuvo lugar en la conferencia de prensa luego de que la portavoz de la Casa Blanca se refiri\u00f3 a un reportaje realizado por el medio The Washington Post, el cual fue titulado \u201cLa misteriosa ca\u00edda en las incautaciones de fentanilo en la frontera entre Estados Unidos y M\u00e9xico\u201d.<\/p>\n\n\n\n<p>Horas despu\u00e9s de la intervenci\u00f3n de Karoline Leavitt ante los medios de comunicaci\u00f3n, el embajador de Estados Unidos en M\u00e9xico tambi\u00e9n se refiri\u00f3 a la frontera entre los pa\u00edses y asegur\u00f3 que se tata de un tema prioritario para Donald Trump. No obstante, tambi\u00e9n destac\u00f3 la cooperaci\u00f3n entre los dos pa\u00edses.<\/p>\n\n\n\n<p>\u201cNuestra frontera compartida es una prioridad para el presidente Donald Trump. Una frontera segura y eficiente es esencial para detener el tr\u00e1fico de fentanilo hacia el norte y de armas hacia el sur. La coordinaci\u00f3n entre Estados Unidos y M\u00e9xico es vital para avanzar en esta meta compartida de seguridad\u201d, mencion\u00f3 Ronald Johnson en su cuenta verificada de la red social X, antes Twitter, @USAmbMex.<\/p>\n\n\n\n<p>En su segunda administraci\u00f3n, Donald Trump ha implementado medidas m\u00e1s severas en la frontera con M\u00e9xico, reflejo de su pol\u00edtica proteccionista. En materia de migraci\u00f3n, Amnist\u00eda Internacional determin\u00f3 la inexistencia del derecho de asilo en la regi\u00f3n, por lo que se\u00f1al\u00f3 violaciones nacionales e internacionales en materia de derechos humanos.<\/p>\n\n\n\n<p>(Informaci\u00f3n de Infobae M\u00e9xico)<\/p>\n","protected":false},"excerpt":{"rendered":"<p>Redacci\u00f3n\/Zona Roja Cdmx. Ciudad de M\u00e9xico, a 3 de junio de 2027.- La Casa Blanca&hellip;<\/p>\n","protected":false},"author":2,"featured_media":77689,"comment_status":"closed","ping_status":"open","sticky":false,"template":"","format":"standard","meta":{"_lmt_disableupdate":"","_lmt_disable":"","_jetpack_memberships_contains_paid_content":false,"footnotes":""},"categories":[109,46],"tags":[3370],"class_list":["post-80974","post","type-post","status-publish","format-standard","has-post-thumbnail","hentry","category-minuto-a-minuto","category-zona-blanca","tag-claudia-sheinbaum"],"jetpack_featured_media_url":"https:\/\/zonaroja.com.mx\/wp-content\/uploads\/2025\/02\/Claudia-Sheinbaum-y-Donald-Trump.webp","jetpack_sharing_enabled":true,"_links":{"self":[{"href":"https:\/\/zonaroja.com.mx\/index.php?rest_route=\/wp\/v2\/posts\/80974","targetHints":{"allow":["GET"]}}],"collection":[{"href":"https:\/\/zonaroja.com.mx\/index.php?rest_route=\/wp\/v2\/posts"}],"about":[{"href":"https:\/\/zonaroja.com.mx\/index.php?rest_route=\/wp\/v2\/types\/post"}],"author":[{"embeddable":true,"href":"https:\/\/zonaroja.com.mx\/index.php?rest_route=\/wp\/v2\/users\/2"}],"replies":[{"embeddable":true,"href":"https:\/\/zonaroja.com.mx\/index.php?rest_route=%2Fwp%2Fv2%2Fcomments&post=80974"}],"version-history":[{"count":1,"href":"https:\/\/zonaroja.com.mx\/index.php?rest_route=\/wp\/v2\/posts\/80974\/revisions"}],"predecessor-version":[{"id":80975,"href":"https:\/\/zonaroja.com.mx\/index.php?rest_route=\/wp\/v2\/posts\/80974\/revisions\/80975"}],"wp:featuredmedia":[{"embeddable":true,"href":"https:\/\/zonaroja.com.mx\/index.php?rest_route=\/wp\/v2\/media\/77689"}],"wp:attachment":[{"href":"https:\/\/zonaroja.com.mx\/index.php?rest_route=%2Fwp%2Fv2%2Fmedia&parent=80974"}],"wp:term":[{"taxonomy":"category","embeddable":true,"href":"https:\/\/zonaroja.com.mx\/index.php?rest_route=%2Fwp%2Fv2%2Fcategories&post=80974"},{"taxonomy":"post_tag","embeddable":true,"href":"https:\/\/zonaroja.com.mx\/index.php?rest_route=%2Fwp%2Fv2%2Ftags&post=80974"}],"curies":[{"name":"wp","href":"https:\/\/api.w.org\/{rel}","templated":true}]}}