{"id":80976,"date":"2025-06-03T22:24:25","date_gmt":"2025-06-04T04:24:25","guid":{"rendered":"https:\/\/zonaroja.com.mx\/?p=80976"},"modified":"2025-06-03T22:24:25","modified_gmt":"2025-06-04T04:24:25","slug":"recapturan-a-don-panchito-fundador-del-frente-popular-14-de-junio","status":"publish","type":"post","link":"https:\/\/zonaroja.com.mx\/?p=80976","title":{"rendered":"Recapturan a \u201cDon Panchito\u201d, fundador del Frente Popular \u201c14 de Junio\u201d"},"content":{"rendered":"\n<p>Raymundo Morales\/Zona Roja.<\/p>\n\n\n\n<p>Oaxaca, Oax., a 3 de junio de 2025.- Ocho a\u00f1os despu\u00e9s de emitida la ficha con recompensa por un mill\u00f3n de pesos, este martes fue detenido Francisco M. S., alias \u201cDon Panchito\u201d, tambi\u00e9n conocido como \u201cPancho Mugres\u201d o \u201cPancho Loco\u201d, fundador de la organizaci\u00f3n Frente Popular \u201c14 de Junio\u201d.<\/p>\n\n\n\n<p>De acuerdo con la Fiscal\u00eda General del Estado de Oaxaca (FGEO), se dio cumplimiento a una orden de aprehensi\u00f3n en contra de dicha persona por su probable responsabilidad la comisi\u00f3n de los delitos de despojo agravado y robo calificado con violencia por equiparaci\u00f3n, en perjuicio patrimonial de C.P.R.<\/p>\n\n\n\n<p>En un comunicado, detall\u00f3 que la detenci\u00f3n se realiz\u00f3 este 3 de junio de 2025, en inmediaciones de la colonia Alem\u00e1n, en la ciudad de Oaxaca de Ju\u00e1rez, donde elementos de la Agencia Estatal de Investigaciones (AEI) desplegaron un operativo para dar cumplimiento a la orden de aprehensi\u00f3n librada en 2016, por el delito de despojo agravado y robo calificado con violencia por equiparaci\u00f3n.<\/p>\n\n\n\n<p>Tras su detenci\u00f3n, Francisco M. S. fue trasladado ante el Ministerio P\u00fablico para su certificaci\u00f3n m\u00e9dica y posteriormente, ponerlo a disposici\u00f3n de la autoridad competente.<\/p>\n\n\n\n<p>\u201cDon Panchito\u201d pertenec\u00eda inicialmente al Frente Popular Revolucionario (FPR) e incursion\u00f3 en la movilizaci\u00f3n social durante el conflicto social y magisterial del 2006.<\/p>\n\n\n\n<p>Sin embargo, por diferencias con dicha agrupaci\u00f3n, fund\u00f3 su propia organizaci\u00f3n denominada Frente Popular \u201c14 de Junio\u201d, mediante el cual impuso el terror en diversas partes de la capital.<\/p>\n\n\n\n<p>Sus agremiados se adue\u00f1aron de un pedio en la ribera del r\u00edo \u201cAtoyac\u201d, a la altura de la colonia Alem\u00e1n de la capital, donde fund\u00f3 un asentamiento, que hasta ahora existe e incluso cuenta con casetas comerciales.<\/p>\n\n\n\n<p>Asimismo, se adue\u00f1\u00f3 de una parte del parque del Amor, pero en el sexenio de Gabino Cu\u00e9 Monteagudo, fue favorecido con viviendas para sus agremiados en inmediaciones de Santa Cruz Xoxocotl\u00e1n.<\/p>\n\n\n\n<p>En tanto que junto con su hijo Francisco Javier, se apoder\u00f3 de un terreno del Gobierno del Estado, en la parte alta de la agencia Vicente Guerrero de la Villa de Zaachila, mismo que fue recuperado en el sexenio de Alejandro Murat, mediante la fuerza p\u00fablica.<\/p>\n\n\n\n<p>Estuvo preso en una ocasi\u00f3n pero fue liberado posteriormente, para luego esconderse\u2026 en su propia zona de la colonia Alem\u00e1n, desde donde controlaba a vendedores ambulantes y mototaxistas, caracterizados por su beligerancia.<\/p>\n\n\n\n<p>Autoridades municipales anteriores permitieron que se apoderara paulatimante del exterior, y posteriormente del interior, del centro comercial Plaza Oaxaca, donde han invadido de puestos.<\/p>\n\n\n\n<p>Tras su aprehensi\u00f3n, la Fiscal\u00eda detall\u00f3 que \u201cgarantiza investigaciones exhaustivas para esclarecer delitos de alto impacto, aplicando las herramientas legales y cient\u00edficas para castigar a quien o quienes resulten responsables\u201d.<\/p>\n","protected":false},"excerpt":{"rendered":"<p>Raymundo Morales\/Zona Roja. Oaxaca, Oax., a 3 de junio de 2025.- Ocho a\u00f1os despu\u00e9s de&hellip;<\/p>\n","protected":false},"author":2,"featured_media":80977,"comment_status":"closed","ping_status":"open","sticky":false,"template":"","format":"standard","meta":{"_lmt_disableupdate":"","_lmt_disable":"","_jetpack_memberships_contains_paid_content":false,"footnotes":""},"categories":[109,46],"tags":[494],"class_list":["post-80976","post","type-post","status-publish","format-standard","has-post-thumbnail","hentry","category-minuto-a-minuto","category-zona-blanca","tag-fiscalia-general-del-estado-de-oaxaca"],"jetpack_featured_media_url":"https:\/\/zonaroja.com.mx\/wp-content\/uploads\/2025\/06\/Francisco-Martinez-Sanchez-Don-Panchito.jpg","jetpack_sharing_enabled":true,"_links":{"self":[{"href":"https:\/\/zonaroja.com.mx\/index.php?rest_route=\/wp\/v2\/posts\/80976","targetHints":{"allow":["GET"]}}],"collection":[{"href":"https:\/\/zonaroja.com.mx\/index.php?rest_route=\/wp\/v2\/posts"}],"about":[{"href":"https:\/\/zonaroja.com.mx\/index.php?rest_route=\/wp\/v2\/types\/post"}],"author":[{"embeddable":true,"href":"https:\/\/zonaroja.com.mx\/index.php?rest_route=\/wp\/v2\/users\/2"}],"replies":[{"embeddable":true,"href":"https:\/\/zonaroja.com.mx\/index.php?rest_route=%2Fwp%2Fv2%2Fcomments&post=80976"}],"version-history":[{"count":1,"href":"https:\/\/zonaroja.com.mx\/index.php?rest_route=\/wp\/v2\/posts\/80976\/revisions"}],"predecessor-version":[{"id":80978,"href":"https:\/\/zonaroja.com.mx\/index.php?rest_route=\/wp\/v2\/posts\/80976\/revisions\/80978"}],"wp:featuredmedia":[{"embeddable":true,"href":"https:\/\/zonaroja.com.mx\/index.php?rest_route=\/wp\/v2\/media\/80977"}],"wp:attachment":[{"href":"https:\/\/zonaroja.com.mx\/index.php?rest_route=%2Fwp%2Fv2%2Fmedia&parent=80976"}],"wp:term":[{"taxonomy":"category","embeddable":true,"href":"https:\/\/zonaroja.com.mx\/index.php?rest_route=%2Fwp%2Fv2%2Fcategories&post=80976"},{"taxonomy":"post_tag","embeddable":true,"href":"https:\/\/zonaroja.com.mx\/index.php?rest_route=%2Fwp%2Fv2%2Ftags&post=80976"}],"curies":[{"name":"wp","href":"https:\/\/api.w.org\/{rel}","templated":true}]}}