{"id":80979,"date":"2025-06-04T07:15:00","date_gmt":"2025-06-04T13:15:00","guid":{"rendered":"https:\/\/zonaroja.com.mx\/?p=80979"},"modified":"2025-06-04T07:42:53","modified_gmt":"2025-06-04T13:42:53","slug":"detienen-a-feminicida-de-eliza-asesinada-la-semana-pasada-en-oaxaca","status":"publish","type":"post","link":"https:\/\/zonaroja.com.mx\/?p=80979","title":{"rendered":"Detienen a feminicida de Eliza, asesinada la semana pasada en Oaxaca"},"content":{"rendered":"\n<p>Redacci\u00f3n\/Zona Roja.&nbsp;<\/p>\n\n\n\n<p>Oaxaca, Oax., a 4 de junio de 2025.- La Fiscal\u00eda General del Estado de Oaxaca (FGEO) se logr\u00f3 la detenci\u00f3n de una persona del sexo masculino identificado por las iniciales A. V. P., acusado del delito de Feminicidio, cometido en el municipio de San Lucas Zoqui\u00e1pam, en la regi\u00f3n de la Sierra de Flores Mag\u00f3n.<\/p>\n\n\n\n<p>De acuerdo con la carpeta de investigaci\u00f3n del caso, lo hechos sucedieron el pasado 27 de mayo de 2025, muy cerca de la casa de la v\u00edctima, una mujer identificada como Eliza C. H., en el Barrio Buenavista, en la localidad de San Isidro Zoqui\u00e1pam, en el municipio de San Lucas Zoqui\u00e1pam, perteneciente al distrito de Teotitl\u00e1n de Flores Mag\u00f3n, sitio en que perdi\u00f3 la vida a consecuencia de una agresi\u00f3n.<\/p>\n\n\n\n<p>Luego de tener conocimiento del caso, la FGEO activ\u00f3 el Protocolo de Actuaci\u00f3n Ministerial, Pericial y Policial en el Delito de Feminicidio para el Estado de Oaxaca para dar pie a las investigaciones a cargo de la Vicefiscal\u00eda General de Control Regional.<\/p>\n\n\n\n<p>Como resultado de los trabajos ministeriales, fue posible obtener una orden de aprehensi\u00f3n por el caso, en contra de A.V.P., por lo cual se desplegaron elementos de la Agencia Estatal de Investigaciones (AEI), que montaron un operativo que hizo posible la detenci\u00f3n del imputado, quien enseguida fue trasladado a los Valles Centrales para quedar a disposici\u00f3n de la autoridad que lo requiri\u00f3.<\/p>\n\n\n\n<p>CONTRA ABUSADOR SEXUAL<\/p>\n\n\n\n<p>En otro caso, la Fiscal\u00eda aprehendi\u00f3 a una persona del sexo masculino identificado como S.H.A., imputado por el delito de abuso sexual agravado en agravio de una menor de edad, cometido en la Villa de Zaachila, en la regi\u00f3n de los Valles Centrales.<\/p>\n\n\n\n<p>Conforme al expediente penal del caso, los hechos ocurrieron los d\u00edas 7 y 14 de octubre de 2017, cuando la v\u00edctima (una ni\u00f1a de ocho a\u00f1os de edad, cuya identidad est\u00e1 reservada por ley) se encontraba en un domicilio ubicado en avenida Independencia de la agencia Vicente Guerrero, lugar donde el agresor la atac\u00f3.<\/p>\n\n\n\n<p>Ante estos hechos, y tras la denuncia interpuesta, la Fiscal\u00eda de Oaxaca inici\u00f3 las investigaciones correspondientes con perspectiva de infancia, a trav\u00e9s de la Vicefiscal\u00eda Regional de Valles Centrales, logrando obtener una orden de aprehensi\u00f3n contra S.H.A., por el delito de abuso sexual agravado.<\/p>\n\n\n\n<p>Una vez localizado, S.H.A. fue detenido por elementos de la Agencia Estatal de Investigaciones (AEI) y llevado ante el juez de control quien realiz\u00f3 la formulaci\u00f3n de imputaci\u00f3n.<\/p>\n\n\n\n<p>En tanto, la Fiscal\u00eda de Oaxaca hizo la solicitud de la vinculaci\u00f3n a proceso por el delito de abuso sexual agravado, logrando obtener la medida cautelar de prisi\u00f3n preventiva justificada a espera de la siguiente audiencia.<\/p>\n\n\n\n<p>HOMICIDA DETENIDO<\/p>\n\n\n\n<p>Por otra parte, la investigaci\u00f3n ministerial especializada que realizada la Fiscal\u00eda General permiti\u00f3 ejecutar una orden de aprehensi\u00f3n en contra de una persona del sexo masculino identificada como A. A. C. A., por los delitos de homicidio calificado con ventaja y lesiones calificadas con ventaja, cometidos en agravio de tres personas en la regi\u00f3n de los Valles Centrales.<\/p>\n\n\n\n<p>De acuerdo con el expediente penal del caso, el 30 de marzo de 2025, las v\u00edctimas se encontraban cenando en un lugar ubicado frente al palacio municipal de San Felipe Tejal\u00e1pam, cuando un grupo de pandilleros identificados como \u00abcholos\u00bb llegaron al lugar para agredirlos con piedras y armas punzo-cortantes, infligiendo lesiones que le provocaron la muerte a M.J.D., y dejando con severas lesiones a U.A.R. y a J.J.M.<\/p>\n\n\n\n<p>Derivado de los hechos, la FGEO inici\u00f3 las investigaciones correspondientes a trav\u00e9s de la Vicefiscal\u00eda General de Control Regional que permitieron obtener una orden de aprehensi\u00f3n contra A.A.C.A., por los delitos de homicidio y lesiones calificadas con ventaja.<\/p>\n\n\n\n<p>Una vez localizado, A.A.C.A. fue detenido por elementos de la Agencia Estatal de Investigaciones (AEI) para posteriormente ser puesto a disposici\u00f3n de la autoridad correspondiente para determinar su situaci\u00f3n jur\u00eddica.<\/p>\n\n\n\n<p>VINCULADO A PROCESO<\/p>\n\n\n\n<p>Mientras tanto, la Fiscal\u00eda obtuvo auto de vinculaci\u00f3n a proceso en contra de una persona del sexo masculino identificada como E.M.S. o E.S.M., por el delito de homicidio calificado con ventaja y tentativa de homicidio calificado con ventaja, el primero en agravio de M.C.H.R. (mujer), y el segundo en agravio de L.N.L.S., cometido en la regi\u00f3n de los Valles Centrales.<\/p>\n\n\n\n<p>De acuerdo con lo asentado en el expediente penal del caso, los hechos ocurrieron la noche del 3 de mayo de 2024, cuando las v\u00edctimas M.C.H.R. y L.N.L.S., fueron sometidos por un grupo de personas que los trasladaron a una casa de seguridad donde golpearon a las v\u00edctimas.<\/p>\n\n\n\n<p>La investigaci\u00f3n revela que, la ma\u00f1ana del 4 de mayo de 2024, las v\u00edctimas fueron llevadas a una orilla de la carretera Nueva a Monte Alb\u00e1n, perteneciente al municipio de Santa Mar\u00eda Atzompa, donde fueron atacados con un arma blanca.<\/p>\n\n\n\n<p>En el lugar, la v\u00edctima M.C.H.R., sufri\u00f3 lesiones que le provocaron la muerte, mientras que L.N.L.S., result\u00f3 con heridas en diversas partes del cuerpo, lo dieron por fallecido, por lo que, los agresores los dejaron abandonados en el lugar.<\/p>\n\n\n\n<p>Tras estos hechos, la Fiscal\u00eda de Oaxaca inici\u00f3 las investigaciones correspondientes con perspectiva de g\u00e9nero, las cuales quedaron a cargo de la Fiscal\u00eda Especializada para la Atenci\u00f3n de Delitos contra la Mujer por Raz\u00f3n de G\u00e9nero y la Fiscal\u00eda Especializada en Feminicidios, logrando obtener una orden de aprehensi\u00f3n en contra del imputado, la cual fue ejecutada por elementos de la Agencia Estatal de Investigaciones (AEI) quienes dieron con el paradero del imputado y posteriormente llevaron a cabo la detenci\u00f3n de E.M.S. o E.S.M.<\/p>\n\n\n\n<p>Una vez valorados los datos de prueba aportados por la Fiscal\u00eda de Oaxaca, el Juez en turno dict\u00f3 auto de vinculaci\u00f3n a proceso en contra de E.M.S. o E.S.M., por el delito de homicidio calificado con ventaja y tentativa de homicidio calificado con ventaja, adem\u00e1s de imponer la medida cautelar de prisi\u00f3n preventiva, otorgando el plazo de tres meses para el cierre de investigaci\u00f3n complementaria.<\/p>\n","protected":false},"excerpt":{"rendered":"<p>Redacci\u00f3n\/Zona Roja.&nbsp; Oaxaca, Oax., a 4 de junio de 2025.- La Fiscal\u00eda General del Estado&hellip;<\/p>\n","protected":false},"author":2,"featured_media":80980,"comment_status":"closed","ping_status":"open","sticky":false,"template":"","format":"standard","meta":{"_lmt_disableupdate":"","_lmt_disable":"","_jetpack_memberships_contains_paid_content":false,"footnotes":""},"categories":[109,46],"tags":[494],"class_list":["post-80979","post","type-post","status-publish","format-standard","has-post-thumbnail","hentry","category-minuto-a-minuto","category-zona-blanca","tag-fiscalia-general-del-estado-de-oaxaca"],"jetpack_featured_media_url":"https:\/\/zonaroja.com.mx\/wp-content\/uploads\/2025\/06\/Eliza-Zoquiapam-detenido.jpg","jetpack_sharing_enabled":true,"_links":{"self":[{"href":"https:\/\/zonaroja.com.mx\/index.php?rest_route=\/wp\/v2\/posts\/80979","targetHints":{"allow":["GET"]}}],"collection":[{"href":"https:\/\/zonaroja.com.mx\/index.php?rest_route=\/wp\/v2\/posts"}],"about":[{"href":"https:\/\/zonaroja.com.mx\/index.php?rest_route=\/wp\/v2\/types\/post"}],"author":[{"embeddable":true,"href":"https:\/\/zonaroja.com.mx\/index.php?rest_route=\/wp\/v2\/users\/2"}],"replies":[{"embeddable":true,"href":"https:\/\/zonaroja.com.mx\/index.php?rest_route=%2Fwp%2Fv2%2Fcomments&post=80979"}],"version-history":[{"count":1,"href":"https:\/\/zonaroja.com.mx\/index.php?rest_route=\/wp\/v2\/posts\/80979\/revisions"}],"predecessor-version":[{"id":80981,"href":"https:\/\/zonaroja.com.mx\/index.php?rest_route=\/wp\/v2\/posts\/80979\/revisions\/80981"}],"wp:featuredmedia":[{"embeddable":true,"href":"https:\/\/zonaroja.com.mx\/index.php?rest_route=\/wp\/v2\/media\/80980"}],"wp:attachment":[{"href":"https:\/\/zonaroja.com.mx\/index.php?rest_route=%2Fwp%2Fv2%2Fmedia&parent=80979"}],"wp:term":[{"taxonomy":"category","embeddable":true,"href":"https:\/\/zonaroja.com.mx\/index.php?rest_route=%2Fwp%2Fv2%2Fcategories&post=80979"},{"taxonomy":"post_tag","embeddable":true,"href":"https:\/\/zonaroja.com.mx\/index.php?rest_route=%2Fwp%2Fv2%2Ftags&post=80979"}],"curies":[{"name":"wp","href":"https:\/\/api.w.org\/{rel}","templated":true}]}}