{"id":8099,"date":"2020-01-27T09:03:33","date_gmt":"2020-01-27T15:03:33","guid":{"rendered":"http:\/\/www.zonaroja.com.mx\/?p=8099"},"modified":"2020-01-27T09:03:36","modified_gmt":"2020-01-27T15:03:36","slug":"opinion-oswaldo-garcia-jarquin-morenista-por-fuera-priista-por-dentro","status":"publish","type":"post","link":"https:\/\/zonaroja.com.mx\/?p=8099","title":{"rendered":"Opini\u00f3n. Oswaldo Garc\u00eda Jarqu\u00edn, morenista por fuera, priista por dentro"},"content":{"rendered":"\n<p>Ismael Garc\u00eda M.\/Zona Roja.<\/p>\n\n\n\n<p>Oaxaca de Ju\u00e1rez, Oax., 27 de enero de\n2020.- S\u00f3lo para ganar la elecci\u00f3n, Oswaldo Garc\u00eda Jarqu\u00edn se visti\u00f3 del color\nMorena y aparent\u00f3 ser af\u00edn a Andr\u00e9s Manuel L\u00f3pez Obrador. <\/p>\n\n\n\n<p>Sin embargo, a un a\u00f1o y un mes en el\ncargo, repite las viejas pr\u00e1cticas priistas: escasas obras y nula seguridad,\nmucho discurso; protecci\u00f3n e impunidad para los vendedores ambulantes; uso\nfaccioso de los colores partidistas en papeler\u00eda oficial e incluso en\npatrullas, motopatrullas y personal policiaco, pese a que en este \u00faltimo caso\nhay una norma oficial. <\/p>\n\n\n\n<p>Tambi\u00e9n, colocaci\u00f3n de funcionarios por\nrecomendaci\u00f3n partidista m\u00e1s que por capacidad (Ren\u00e9 Ric\u00e1rdez Lim\u00f3n, un ejemplo\nde tantos); opacidad en el manejo de recursos p\u00fablicos, soberbia pol\u00edtica, que\nle ha valido un distanciamiento tanto con diputados de Morena como la\ndirigencia.<\/p>\n\n\n\n<p>EFECTO AMLO<\/p>\n\n\n\n<p>Garc\u00eda Jarqu\u00edn no conoce las carencias\nsociales de las colonias paup\u00e9rrimas y en un a\u00f1o son escasos sus recorridos por\nesas zonas; su vida est\u00e1 alejada del com\u00fan de la sociedad y, en t\u00e9rminos\nacu\u00f1ados por L\u00f3pez Obrador, es un \u201cfif\u00ed\u201d, patr\u00f3n y ex dirigente de patrones,\negresado de escuelas privadas, incluyendo de una norteamericana.<\/p>\n\n\n\n<p>Estudi\u00f3 el nivel b\u00e1sico en la capital;\nla preparatoria, en el St. Johns Northwestern Military Academy en Delafield,\nWisconsin, Estados Unidos. Tambi\u00e9n realiz\u00f3 estudios universitarios por un a\u00f1o\nen Marquette University en Milwaukee, Wisconsin, becado pero por jugar soccer\nen la NCAA Divisi\u00f3n I.<\/p>\n\n\n\n<p>Estudi\u00f3 Administraci\u00f3n de Empresas en\nel Instituto Tecnol\u00f3gico de Estudios Superiores Campus Monterrey. <\/p>\n\n\n\n<p>Su vida ha sido la burocracia\nuniversitaria, en la comodidad de la Universidad \u201cJos\u00e9 Vasconcelos\u201d, escuela\nque fund\u00f3 su padre Oswaldo Garc\u00eda Criollo, pol\u00edtico priista, de quien aprendi\u00f3\nlas pr\u00e1cticas que hoy pone en marcha.<\/p>\n\n\n\n<p>Desde el a\u00f1o 2001 labor\u00f3 en la \u201cJos\u00e9\nVasconcelos\u201d en distintos cargos; en 2006 &#8211;a\u00f1o de la revuelta social de la\nAPPO &#8211;en la que en ning\u00fan momento se pronunci\u00f3 por la lucha social&#8211; se convirti\u00f3\nen socio fundador de la universidad, de car\u00e1cter privada.<\/p>\n\n\n\n<p>Ya con Gabino Cu\u00e9 en el cargo de\ngobernador \u2013en que tampoco tuvo activa participaci\u00f3n para el triunfo&#8211;, en 2013\nfue director del Instituto de Estudios de Bachillerato del Estado de Oaxaca\n(IEBO), su \u00fanica experiencia administrativa. Previo a ello, fue designado en el\n2010 como presidente de la Coparmex Oaxaca, organismo empresarial patronal, en\nque por supuesto no se distingui\u00f3 para estar del lado de la clase obrera.<\/p>\n\n\n\n<p>No fue sino hasta 2016 en que se\nconvirti\u00f3 en \u201cpromotor de la soberan\u00eda nacional\u201d de Andr\u00e9s Manuel L\u00f3pez\nObrador, tras ello candidato a la presidencia municipal por Morena, contienda\nque perdi\u00f3 con Jos\u00e9 Antonio Hern\u00e1ndez Fraguas.<\/p>\n\n\n\n<p>En 2018, de nuevo compiti\u00f3 por la silla\nmunicipal y gan\u00f3, por el efecto Obrador &#8211;que tambi\u00e9n triunf\u00f3 por la\nPresidencia de la Rep\u00fablica&#8211; y por malos candidatos del PRI, con Manuel de\nEsesarte Pesqueira, y del PRD-PAN, Samuel Gurri\u00f3n, con un pasado turbio y de\ncorrupci\u00f3n.<\/p>\n\n\n\n<p>Los retos y los pleitos que ha asumido\nen 13 meses son muchos; las soluciones escasas, o ausentes.<\/p>\n\n\n\n<p>Unos d\u00edas antes de asumir el cargo, el\nCentro Hist\u00f3rico se llen\u00f3 de vendedores ambulantes y desde entonces no ha sido\ncapaz de frenar esa invasi\u00f3n continua; ahora, hasta el Andador Tur\u00edstico est\u00e1\nplagado no solamente de informales oaxaque\u00f1os, sino de otras entidades del\npa\u00eds, como el Estado de M\u00e9xico y Chiapas.<\/p>\n\n\n\n<p>Los dirigentes de ambulantes como\nCarmela Luj\u00e1n, imponen sus condiciones cada vez que quieren y son ellos los que\nnegocian los espacios e incluso controlan a los inspectores municipales, adem\u00e1s\ncooptarlos. Poco o nada ha hecho por remediar la situaci\u00f3n.<\/p>\n\n\n\n<p>\u00bfSeguridad? Uno de sus talones de\nAquiles, donde ha dado bandazo tras bandazo; continuos paros de la polic\u00eda\nmunicipal que se ha quejado de falta de uniformes y equipos, as\u00ed como p\u00e9sima\ncalidad de \u00e9stos, cuando le son entregados.<\/p>\n\n\n\n<p>Adquiri\u00f3 y el gobierno estatal le apoy\u00f3\ncon algunas patrullas y motopatrullas, pero el esp\u00edritu priista de color guinda\nle gan\u00f3 y pint\u00f3 en esa tonalidad las unidades de motor, que por regla deben ser\nazul marino.<\/p>\n\n\n\n<p>Las tuvo que cambiar de color, pero no\ninform\u00f3 cu\u00e1nto cost\u00f3 ese capricho; para insistir con los colores de Morena,\npint\u00f3 las unidades de transporte, camionetas oficiales y hasta los carros\nrecolectores de basura; a los polic\u00edas, al no poderles dotar de un uniforme\ncompleto guinda, les dio chalecos en ese tono.<\/p>\n\n\n\n<p>Con los sindicatos, incluyendo los trabajadores\nde limpia, no son pocos los conflictos y esta misma semana resurgieron.<\/p>\n\n\n\n<p>La inseguridad es cada vez m\u00e1s\nincesante hasta en el Centro Hist\u00f3rico, donde han sucedido cr\u00edmenes in\u00e9ditos,\nen el primer a\u00f1o del gobierno de Garc\u00eda Jarqu\u00edn, como fue el caso del m\u00e9dico en\nla calle de Crespo, a unos pasos de la Universidad \u201cJos\u00e9 Vasconcelos\u201d; una\npersona en la avenida Hidalgo, a una cuadra de la Alameda de Le\u00f3n.<\/p>\n\n\n\n<p>O como la pareja de ancianos asesinada\na balazos en la calle J. P. Garc\u00eda, a dos cuadras del z\u00f3calo, o como la\nejecuci\u00f3n de este domingo 26 de enero, a plena luz del d\u00eda y a ojos de cientos\nde personas; los asaltos son incontables.<\/p>\n\n\n\n<p>Pero en lugar de resolverlos, opta por\nnuevos caprichos, como su inter\u00e9s por imponer los parqu\u00edmetros &#8211;que plante\u00f3\nhace a\u00f1os el priismo, para obtener m\u00e1s dinero de los contribuyentes&#8211;.<\/p>\n\n\n\n<p>Us\u00f3 su Universidad para hacer una falsa\nencuesta; una asociaci\u00f3n civil sin fines de lucro hizo lo propio y el 90 por\nciento rechaz\u00f3 ese esquema en el estacionamiento p\u00fablico; varios diputados del\nPartido Morena le pidieron, en un exhorto aprobado desde el Legislativo, a desistir\nde esa intenci\u00f3n, pero el edil no escucha; hasta dos de sus regidores hicieron\nun pronunciamiento en contra.<\/p>\n\n\n\n<p>Ahora mismo tiene a los diputados\nencima, que no le aprueban su Ley de Ingresos, pero Garc\u00eda Jarqu\u00edn no cede y\nsigue encaprichado.<\/p>\n\n\n\n<p>Las protestas son tambi\u00e9n continuas, y\napenas la semana pasada fueron dos, de taxistas de la capital, cuando hace a\u00f1os\nque no se manifestaban; en lugar de ello, en una declaraci\u00f3n, se deslind\u00f3 de la\nproblem\u00e1tica y dijo que no le correspond\u00eda, aunque uno de los reclamos era la\nseguridad.<\/p>\n\n\n\n<p>Con el gobernador Alejandro Murat, el\npresidente municipal lleva una aparente relaci\u00f3n de trabajo; sin embargo, poco\ndespu\u00e9s del D\u00eda de Reyes, el mandatario efectu\u00f3 un festival en zona capitalina,\nen la que no estuvo invitado el edil, quien a su vez hizo su propio festival\ndominical.<\/p>\n\n\n\n<p>Casi dos a\u00f1os le quedan a Garc\u00eda\nJarqu\u00edn y su capital pol\u00edtico ya lo ech\u00f3 por la borda. A\u00fan as\u00ed, quiere repetir\nen la presidencia municipal. O cuando menos ser diputado local. Ni uno ni otro;\nno tiene ya el respaldo de Morena.<\/p>\n","protected":false},"excerpt":{"rendered":"<p>Ismael Garc\u00eda M.\/Zona Roja. Oaxaca de Ju\u00e1rez, Oax., 27 de enero de 2020.- S\u00f3lo para&hellip;<\/p>\n","protected":false},"author":2,"featured_media":7610,"comment_status":"closed","ping_status":"open","sticky":false,"template":"","format":"standard","meta":{"_lmt_disableupdate":"","_lmt_disable":"","_jetpack_memberships_contains_paid_content":false,"footnotes":""},"categories":[456,109,48],"tags":[115],"class_list":["post-8099","post","type-post","status-publish","format-standard","has-post-thumbnail","hentry","category-columna","category-minuto-a-minuto","category-zona-critica","tag-oswaldo-garcia-jarquin"],"jetpack_featured_media_url":"https:\/\/zonaroja.com.mx\/wp-content\/uploads\/2020\/01\/Opini\u00f3n-Zona-Cr\u00edtica.jpg","jetpack_sharing_enabled":true,"_links":{"self":[{"href":"https:\/\/zonaroja.com.mx\/index.php?rest_route=\/wp\/v2\/posts\/8099","targetHints":{"allow":["GET"]}}],"collection":[{"href":"https:\/\/zonaroja.com.mx\/index.php?rest_route=\/wp\/v2\/posts"}],"about":[{"href":"https:\/\/zonaroja.com.mx\/index.php?rest_route=\/wp\/v2\/types\/post"}],"author":[{"embeddable":true,"href":"https:\/\/zonaroja.com.mx\/index.php?rest_route=\/wp\/v2\/users\/2"}],"replies":[{"embeddable":true,"href":"https:\/\/zonaroja.com.mx\/index.php?rest_route=%2Fwp%2Fv2%2Fcomments&post=8099"}],"version-history":[{"count":1,"href":"https:\/\/zonaroja.com.mx\/index.php?rest_route=\/wp\/v2\/posts\/8099\/revisions"}],"predecessor-version":[{"id":8100,"href":"https:\/\/zonaroja.com.mx\/index.php?rest_route=\/wp\/v2\/posts\/8099\/revisions\/8100"}],"wp:featuredmedia":[{"embeddable":true,"href":"https:\/\/zonaroja.com.mx\/index.php?rest_route=\/wp\/v2\/media\/7610"}],"wp:attachment":[{"href":"https:\/\/zonaroja.com.mx\/index.php?rest_route=%2Fwp%2Fv2%2Fmedia&parent=8099"}],"wp:term":[{"taxonomy":"category","embeddable":true,"href":"https:\/\/zonaroja.com.mx\/index.php?rest_route=%2Fwp%2Fv2%2Fcategories&post=8099"},{"taxonomy":"post_tag","embeddable":true,"href":"https:\/\/zonaroja.com.mx\/index.php?rest_route=%2Fwp%2Fv2%2Ftags&post=8099"}],"curies":[{"name":"wp","href":"https:\/\/api.w.org\/{rel}","templated":true}]}}