{"id":81003,"date":"2025-06-04T14:48:00","date_gmt":"2025-06-04T20:48:00","guid":{"rendered":"https:\/\/zonaroja.com.mx\/?p=81003"},"modified":"2025-06-04T08:51:46","modified_gmt":"2025-06-04T14:51:46","slug":"oaxaca-segundo-con-mayor-numero-de-protestas-de-sus-policias-en-2025","status":"publish","type":"post","link":"https:\/\/zonaroja.com.mx\/?p=81003","title":{"rendered":"Oaxaca, segundo con mayor n\u00famero de protestas de sus polic\u00edas en 2025"},"content":{"rendered":"\n<p>Lisbeth Mej\u00eda Reyes\/Zona Roja.<\/p>\n\n\n\n<p>Oaxaca, Oax., a 4 de junio de 2025.- Con cinco protestas (una manifestaci\u00f3n y cuatro paros de labores), el estado de Oaxaca es la segunda entidad del pa\u00eds con el mayor n\u00famero de movilizaciones de sus polic\u00edas en lo que va del 2025, de acuerdo con la organizaci\u00f3n Causa en Com\u00fan, que registra al menos 42 protestas de este tipo en el pa\u00eds en el a\u00f1o.<\/p>\n\n\n\n<p>La primera manifestaci\u00f3n en Oaxaca ocurri\u00f3 en enero por parte de la polic\u00eda estatal, que denunci\u00f3 falta de prestaciones y tambi\u00e9n se quej\u00f3 por abuso laboral.<\/p>\n\n\n\n<p>El 26 de febrero, la corporaci\u00f3n estatal estall\u00f3 en paro en el cuartel de Santa Mar\u00eda Coyotepec, donde denunci\u00f3 bajas injustificadas. El 5 de marzo fue la polic\u00eda municipal de San Raymundo Jalpan la que par\u00f3 labores para denunciar abuso laboral y exigir la destituci\u00f3n de su mando.&nbsp;<\/p>\n\n\n\n<p>El 6 del mismo mes fueron elementos de la Polic\u00eda Auxiliar Bancaria, Industrial y Comercial (PABIC) los que pararon labores en la ciudad de Oaxaca en exigencia de trato digno, para denunciar la falta de prestaciones y para exigir la sustituci\u00f3n de mandos y delegados por abuso de autoridad.<\/p>\n\n\n\n<p>El \u00faltimo paro se suscit\u00f3 el 8 de abril, nuevamente por parte de polic\u00edas estatales que denunciaron abuso laboral, falta de equipamiento y exigieron la destituci\u00f3n del oficial mayor de la Scecretar\u00eda de Seguridad y Protecci\u00f3n Ciudadana, Eduardo Xim\u00e9nez de Sandi, al acusarlo de presunto desv\u00edo de recursos.<\/p>\n\n\n\n<p>A nivel nacional, la organizaci\u00f3n registra al menos 42 manifestaciones de este tipo, en las que Michoac\u00e1n ocupa el primer sitio con 7; Puebla comparte el segundo lugar con Oaxaca, al acumular 5, mientras que Baja California e Hidalgo est\u00e1n en el tercer sitio debido a 4 movilizaciones cada uno.<\/p>\n\n\n\n<p>En tanto, otros estados como Guerrero, Jalisco, Morelos, Sinaloa y Veracruz han tenido 2 protestas cada uno. El resto de las movilizaciones se han presentado en Chihuahua, Ciudad de M\u00e9xico, Coahuila, Colima, Estado de M\u00e9xico, Sonora y Tlaxcala, con una en cada estado.<\/p>\n\n\n\n<p>Causa en Com\u00fan detalla que 42 protestas de polic\u00edas en 17 estados del pa\u00eds incluyen manifestaciones (21), paros (18) y emplazamientos a paro (3).&nbsp;<\/p>\n\n\n\n<p>En su mayor\u00eda participaron polic\u00edas municipales (52%) y estatales (33%), adem\u00e1s de familiares, ex-polic\u00edas y polic\u00edas auxiliares, detalla la organizaci\u00f3n.<\/p>\n\n\n\n<p>En las al menos 42 protestas, las corporaciones de seguridad denuncian y\/o exigen principalmente: abuso laboral y destituci\u00f3n de mandos (26%), salarios bajos o sin homologar (22%), falta de prestaciones (20%), falta de equipamiento (8%) y descuentos salariales injustificados (7%).<\/p>\n\n\n\n<p>Tan solo entre octubre de 2024 y mayo de 2025, lo que va del actual sexenio de la presidenta Claudia Sheinbaum se han registrado 69 protestas policiales en todo el pa\u00eds.<\/p>\n","protected":false},"excerpt":{"rendered":"<p>Lisbeth Mej\u00eda Reyes\/Zona Roja. Oaxaca, Oax., a 4 de junio de 2025.- Con cinco protestas&hellip;<\/p>\n","protected":false},"author":2,"featured_media":80995,"comment_status":"closed","ping_status":"open","sticky":false,"template":"","format":"standard","meta":{"_lmt_disableupdate":"","_lmt_disable":"","_jetpack_memberships_contains_paid_content":false,"footnotes":""},"categories":[109,47],"tags":[2376],"class_list":["post-81003","post","type-post","status-publish","format-standard","has-post-thumbnail","hentry","category-minuto-a-minuto","category-zona-gris","tag-causa-en-comun"],"jetpack_featured_media_url":"https:\/\/zonaroja.com.mx\/wp-content\/uploads\/2025\/06\/Protestas-policias-Oaxaca.jpg","jetpack_sharing_enabled":true,"_links":{"self":[{"href":"https:\/\/zonaroja.com.mx\/index.php?rest_route=\/wp\/v2\/posts\/81003","targetHints":{"allow":["GET"]}}],"collection":[{"href":"https:\/\/zonaroja.com.mx\/index.php?rest_route=\/wp\/v2\/posts"}],"about":[{"href":"https:\/\/zonaroja.com.mx\/index.php?rest_route=\/wp\/v2\/types\/post"}],"author":[{"embeddable":true,"href":"https:\/\/zonaroja.com.mx\/index.php?rest_route=\/wp\/v2\/users\/2"}],"replies":[{"embeddable":true,"href":"https:\/\/zonaroja.com.mx\/index.php?rest_route=%2Fwp%2Fv2%2Fcomments&post=81003"}],"version-history":[{"count":1,"href":"https:\/\/zonaroja.com.mx\/index.php?rest_route=\/wp\/v2\/posts\/81003\/revisions"}],"predecessor-version":[{"id":81004,"href":"https:\/\/zonaroja.com.mx\/index.php?rest_route=\/wp\/v2\/posts\/81003\/revisions\/81004"}],"wp:featuredmedia":[{"embeddable":true,"href":"https:\/\/zonaroja.com.mx\/index.php?rest_route=\/wp\/v2\/media\/80995"}],"wp:attachment":[{"href":"https:\/\/zonaroja.com.mx\/index.php?rest_route=%2Fwp%2Fv2%2Fmedia&parent=81003"}],"wp:term":[{"taxonomy":"category","embeddable":true,"href":"https:\/\/zonaroja.com.mx\/index.php?rest_route=%2Fwp%2Fv2%2Fcategories&post=81003"},{"taxonomy":"post_tag","embeddable":true,"href":"https:\/\/zonaroja.com.mx\/index.php?rest_route=%2Fwp%2Fv2%2Ftags&post=81003"}],"curies":[{"name":"wp","href":"https:\/\/api.w.org\/{rel}","templated":true}]}}