{"id":81005,"date":"2025-06-04T20:10:41","date_gmt":"2025-06-05T02:10:41","guid":{"rendered":"https:\/\/zonaroja.com.mx\/?p=81005"},"modified":"2025-06-04T20:10:43","modified_gmt":"2025-06-05T02:10:43","slug":"en-campana-hugo-aguilar-se-dijo-ecologista-pero-protegio-destruccion-de-selva","status":"publish","type":"post","link":"https:\/\/zonaroja.com.mx\/?p=81005","title":{"rendered":"En campa\u00f1a, Hugo Aguilar se dijo ecologista, pero protegi\u00f3 destrucci\u00f3n de selva"},"content":{"rendered":"\n<p>Redacci\u00f3n\/Zona Roja Cdmx.<\/p>\n\n\n\n<p>Ciudad de M\u00e9xico, a 4 de junio de 2025.- Durante su campa\u00f1a electoral, Hugo Aguilar Ortiz no s\u00f3lo se expres\u00f3 a favor de defender los derechos de las comunidades ind\u00edgenas en el pa\u00eds, sino que tambi\u00e9n manifest\u00f3 su compromiso con la justicia ambiental, a pesar de que encabez\u00f3 las consultas ind\u00edgenas para la construcci\u00f3n del Tren Maya.<\/p>\n\n\n\n<p>Antes de postularse como ministro a la SCJN, Hugo Aguilar Ortiz fue nombrado coordinador general de Derechos Ind\u00edgenas del Instituto Nacional de los Pueblos Ind\u00edgenas (INPI), durante el gobierno de Andr\u00e9s Manuel L\u00f3pez Obrador.<\/p>\n\n\n\n<p>El abogado originario de Oaxaca fue el encargado de encabezar las consultas ind\u00edgenas sobre algunas obras emblem\u00e1ticas de la denominada \u2018Cuarta Transformaci\u00f3n\u2019, como el Tren Maya, el Corredor Interoce\u00e1nico del Istmo de Tehuantepec y el Aeropuerto Internacional Felipe \u00c1ngeles.<\/p>\n\n\n\n<p>En el caso del Tren Maya, en diciembre de 2019, particip\u00f3 en las sesiones informativas en la comunidad de Xpujil, Campeche, donde Aguilar Ortiz asegur\u00f3 que el gobierno de L\u00f3pez Obrador buscaba hacer \u201clas cosas diferentes\u201d y que las decisiones sobre las obras de infraestructura se tomar\u00edan \u201ccon el pueblo\u201d.<\/p>\n\n\n\n<p>A pesar de las declaraciones del ahora virtual presidente de la SCJN, las comunidades ind\u00edgenas no recibieron informaci\u00f3n clara y suficiente sobre las implicaciones del proyecto, ni se les presentaron estudios de impacto ambiental relacionados con la construcci\u00f3n del Tren Maya, comentaron organizaciones civiles a Animal Pol\u00edtico.<\/p>\n\n\n\n<p>De acuerdo con la ONU-DH, las consultas a las comunidades ind\u00edgenas no cumplieron con los est\u00e1ndares internacionales de derechos humanos. Adem\u00e1s, la organizaci\u00f3n se\u00f1al\u00f3 que la decisi\u00f3n de las comunidades no fue libre, ya que se reportaron presiones institucionales, incluyendo la presencia de elementos del Ej\u00e9rcito.<\/p>\n\n\n\n<p>A pesar de las observaciones, las autoridades federales aseguraron que las consultas se realizaron de forma democr\u00e1tica y transparente con las comunidades ind\u00edgenas.<\/p>\n\n\n\n<p>Para hoy 4 de junio, un d\u00eda despu\u00e9s de que se definan las votaciones para la elecci\u00f3n de ministros de la SCJN, se fij\u00f3 una audiencia con un juez federal en Yucat\u00e1n para determinar si se concede la suspensi\u00f3n definitiva que frene las obras del Tramo 5 del Tren Maya, uno de los tramos m\u00e1s cuestionados por su impacto ambiental.<\/p>\n\n\n\n<p>La decisi\u00f3n derivar\u00e1 de un juicio de amparo promovido por la organizaci\u00f3n Defendiendo el Derecho a un Medio Ambiente Sano (DMAS), que busca proteger la selva de la Riviera Maya.<\/p>\n\n\n\n<p>DMAS argumenta que la construcci\u00f3n est\u00e1 provocando una \u201cdestrucci\u00f3n irreversible\u201d del ecosistema, incluyendo cenotes y r\u00edos subterr\u00e1neos. La organizaci\u00f3n sostiene que no se ha cumplido con los procedimientos ambientales exigidos por la ley, ni con el principio de precauci\u00f3n que debe regir ante da\u00f1os al medio ambiente.<\/p>\n\n\n\n<p>El gobierno federal ha defendido el proyecto, asegurando que cuenta con la Manifestaci\u00f3n de Impacto Ambiental (MIA) para la construcci\u00f3n del Tren Maya y con medidas de mitigaci\u00f3n, aunque organizaciones civiles y ambientalistas cuestionan la validez de estos estudios.<\/p>\n\n\n\n<p>(Informaci\u00f3n de \u201cEl Financiero\u201d)<\/p>\n","protected":false},"excerpt":{"rendered":"<p>Redacci\u00f3n\/Zona Roja Cdmx. Ciudad de M\u00e9xico, a 4 de junio de 2025.- Durante su campa\u00f1a&hellip;<\/p>\n","protected":false},"author":2,"featured_media":81006,"comment_status":"closed","ping_status":"open","sticky":false,"template":"","format":"standard","meta":{"_lmt_disableupdate":"","_lmt_disable":"","_jetpack_memberships_contains_paid_content":false,"footnotes":""},"categories":[109,47],"tags":[4324],"class_list":["post-81005","post","type-post","status-publish","format-standard","has-post-thumbnail","hentry","category-minuto-a-minuto","category-zona-gris","tag-hugo-aguilar-ortiz"],"jetpack_featured_media_url":"https:\/\/zonaroja.com.mx\/wp-content\/uploads\/2025\/06\/Destruccion-selva-Tren-Maya.jpg","jetpack_sharing_enabled":true,"_links":{"self":[{"href":"https:\/\/zonaroja.com.mx\/index.php?rest_route=\/wp\/v2\/posts\/81005","targetHints":{"allow":["GET"]}}],"collection":[{"href":"https:\/\/zonaroja.com.mx\/index.php?rest_route=\/wp\/v2\/posts"}],"about":[{"href":"https:\/\/zonaroja.com.mx\/index.php?rest_route=\/wp\/v2\/types\/post"}],"author":[{"embeddable":true,"href":"https:\/\/zonaroja.com.mx\/index.php?rest_route=\/wp\/v2\/users\/2"}],"replies":[{"embeddable":true,"href":"https:\/\/zonaroja.com.mx\/index.php?rest_route=%2Fwp%2Fv2%2Fcomments&post=81005"}],"version-history":[{"count":1,"href":"https:\/\/zonaroja.com.mx\/index.php?rest_route=\/wp\/v2\/posts\/81005\/revisions"}],"predecessor-version":[{"id":81007,"href":"https:\/\/zonaroja.com.mx\/index.php?rest_route=\/wp\/v2\/posts\/81005\/revisions\/81007"}],"wp:featuredmedia":[{"embeddable":true,"href":"https:\/\/zonaroja.com.mx\/index.php?rest_route=\/wp\/v2\/media\/81006"}],"wp:attachment":[{"href":"https:\/\/zonaroja.com.mx\/index.php?rest_route=%2Fwp%2Fv2%2Fmedia&parent=81005"}],"wp:term":[{"taxonomy":"category","embeddable":true,"href":"https:\/\/zonaroja.com.mx\/index.php?rest_route=%2Fwp%2Fv2%2Fcategories&post=81005"},{"taxonomy":"post_tag","embeddable":true,"href":"https:\/\/zonaroja.com.mx\/index.php?rest_route=%2Fwp%2Fv2%2Ftags&post=81005"}],"curies":[{"name":"wp","href":"https:\/\/api.w.org\/{rel}","templated":true}]}}