{"id":81008,"date":"2025-06-04T21:19:22","date_gmt":"2025-06-05T03:19:22","guid":{"rendered":"https:\/\/zonaroja.com.mx\/?p=81008"},"modified":"2025-06-04T21:19:24","modified_gmt":"2025-06-05T03:19:24","slug":"preven-cierre-de-otra-escuela-particular-en-oaxaca-por-irregularidades","status":"publish","type":"post","link":"https:\/\/zonaroja.com.mx\/?p=81008","title":{"rendered":"Prev\u00e9n cierre de otra escuela particular en Oaxaca, por irregularidades\u00a0"},"content":{"rendered":"\n<p>Raymundo Morales\/Zona Roja.<\/p>\n\n\n\n<p>Oaxaca, Oax., a 4 de junio de 2025.- Otro escuela privada de Oaxaca podr\u00eda cerrar sus puertas por irregularidades, en perjuicio de unos 500 alumnos.<\/p>\n\n\n\n<p>Se trata del colegio \u201cAtonaltzin\u201d, ubicado en jurisdicci\u00f3n de San Sebasti\u00e1n Tutla, en la zona oriente de la capital, mismo que tiene vencido el contrato de arrendamiento y se niega a pagar varios meses atrasados.<\/p>\n\n\n\n<p>Despu\u00e9s del mediod\u00eda de este mi\u00e9rcoles, un grupo de abogados encabezados por Ra\u00fal \u00c1ngeles, acudi\u00f3 a las instalaciones, ubicadas sobre la avenida L\u00e1zaro C\u00e1rdenas, con la finalidad de notificar a los arrendatarios que no han cubierto los pagos, por lo tanto, podr\u00edan ser desalojados.<\/p>\n\n\n\n<p>Los directivos, Eva Pel\u00e1ez M\u00e1rquez e Ilia Reyes Pel\u00e1ez, recibieron el documento respectivo, en que se se\u00f1ala que han incumplido con las rentas correspondientes, por lo tanto ser\u00e1 recuperado el inmueble.<\/p>\n\n\n\n<p>Sin embargo, de acuerdo con otras fuentes, los arrendatarios encabezados por Eva Pel\u00e1ez M\u00e1rquez argumentan que son sus terrenos. Con argucias pretenden apoderarse del predio e incluso habr\u00edan falsificado documentos para lograr su pretensi\u00f3n.<\/p>\n\n\n\n<p>Padres y madres de familia han expresado su preocupaci\u00f3n y alerta, ya que se est\u00e1 a punto de concluir con el ciclo escolar y no hay certeza de donde albergar\u00e1n a los ni\u00f1os y ni\u00f1as para culminar los estudios, por lo cual demandaron la intervenci\u00f3n del Instituto Estatal de Educaci\u00f3n P\u00fablica.<\/p>\n\n\n\n<p>Al t\u00e9rmino de la notificaci\u00f3n, el abogado Ra\u00fal \u00c1ngeles, representante de la leg\u00edtima propietaria, explic\u00f3 que la notificaci\u00f3n fue realizada de forma notarial y se concedi\u00f3 un plazo de cinco d\u00edas para que la escuela desocupe las instalaciones de manera voluntaria.&nbsp;<\/p>\n\n\n\n<p>En caso contrario, advirti\u00f3 que se proceder\u00e1 con el uso de la fuerza p\u00fablica y una orden judicial para el desalojo.<\/p>\n\n\n\n<p>\u201cLa escuela carece ya de un domicilio cierto, ya que en pocos d\u00edas tendr\u00e1 que entregar las instalaciones a la leg\u00edtima propietaria\u201d, se\u00f1al\u00f3.<\/p>\n\n\n\n<p>Cabe recordar que hace un mes, un colegio privado, el \u00abFrancoise Dolto\u00bb, fue cerrado tambi\u00e9n por las autoridades educativas debido a diversas irregularidades administrativas, as\u00ed como un incendio que dej\u00f3 varios menores lesionados y de lo cual no se han querido responsabilizar a la fecha.<\/p>\n","protected":false},"excerpt":{"rendered":"<p>Raymundo Morales\/Zona Roja. Oaxaca, Oax., a 4 de junio de 2025.- Otro escuela privada de&hellip;<\/p>\n","protected":false},"author":2,"featured_media":81009,"comment_status":"closed","ping_status":"open","sticky":false,"template":"","format":"standard","meta":{"_lmt_disableupdate":"","_lmt_disable":"","_jetpack_memberships_contains_paid_content":false,"footnotes":""},"categories":[109,47],"tags":[4325],"class_list":["post-81008","post","type-post","status-publish","format-standard","has-post-thumbnail","hentry","category-minuto-a-minuto","category-zona-gris","tag-colegio-atonaltzin"],"jetpack_featured_media_url":"https:\/\/zonaroja.com.mx\/wp-content\/uploads\/2025\/06\/Colegio-Atonaltzin-Tutla-Oaxaca.jpg","jetpack_sharing_enabled":true,"_links":{"self":[{"href":"https:\/\/zonaroja.com.mx\/index.php?rest_route=\/wp\/v2\/posts\/81008","targetHints":{"allow":["GET"]}}],"collection":[{"href":"https:\/\/zonaroja.com.mx\/index.php?rest_route=\/wp\/v2\/posts"}],"about":[{"href":"https:\/\/zonaroja.com.mx\/index.php?rest_route=\/wp\/v2\/types\/post"}],"author":[{"embeddable":true,"href":"https:\/\/zonaroja.com.mx\/index.php?rest_route=\/wp\/v2\/users\/2"}],"replies":[{"embeddable":true,"href":"https:\/\/zonaroja.com.mx\/index.php?rest_route=%2Fwp%2Fv2%2Fcomments&post=81008"}],"version-history":[{"count":1,"href":"https:\/\/zonaroja.com.mx\/index.php?rest_route=\/wp\/v2\/posts\/81008\/revisions"}],"predecessor-version":[{"id":81010,"href":"https:\/\/zonaroja.com.mx\/index.php?rest_route=\/wp\/v2\/posts\/81008\/revisions\/81010"}],"wp:featuredmedia":[{"embeddable":true,"href":"https:\/\/zonaroja.com.mx\/index.php?rest_route=\/wp\/v2\/media\/81009"}],"wp:attachment":[{"href":"https:\/\/zonaroja.com.mx\/index.php?rest_route=%2Fwp%2Fv2%2Fmedia&parent=81008"}],"wp:term":[{"taxonomy":"category","embeddable":true,"href":"https:\/\/zonaroja.com.mx\/index.php?rest_route=%2Fwp%2Fv2%2Fcategories&post=81008"},{"taxonomy":"post_tag","embeddable":true,"href":"https:\/\/zonaroja.com.mx\/index.php?rest_route=%2Fwp%2Fv2%2Ftags&post=81008"}],"curies":[{"name":"wp","href":"https:\/\/api.w.org\/{rel}","templated":true}]}}