{"id":81011,"date":"2025-06-04T22:11:06","date_gmt":"2025-06-05T04:11:06","guid":{"rendered":"https:\/\/zonaroja.com.mx\/?p=81011"},"modified":"2025-06-04T22:11:09","modified_gmt":"2025-06-05T04:11:09","slug":"registra-salina-cruz-otros-dos-homicidios-este-miercoles","status":"publish","type":"post","link":"https:\/\/zonaroja.com.mx\/?p=81011","title":{"rendered":"Registra Salina Cruz otros dos homicidios, este mi\u00e9rcoles"},"content":{"rendered":"\n<p>Raymundo Morales\/Zona Roja.<\/p>\n\n\n\n<p>Oaxaca, Oax., a 4 de junio de 2025.- En menos de 24 horas, tres personas fueron asesinadas en el municipio de Salina Cruz, en hechos distintos.<\/p>\n\n\n\n<p>El m\u00e1s reciente homicidio ocurri\u00f3 esta tarde, en que localizaron un cuerpo sin vida, con varios impactos de arma de fuego, en un camino que conduce a Boca del R\u00edo.<\/p>\n\n\n\n<p>La v\u00edctima no ha sido identificada y, seg\u00fan datos preliminares, presenta huellas de ejecuci\u00f3n.<\/p>\n\n\n\n<p>Durante la madrugada de este mi\u00e9rcoles, se registr\u00f3 otro crimen, ahora en la colonia Hidalgo Poniente.<\/p>\n\n\n\n<p>Fue en la calle Adolfo L\u00f3pez Mateos, en que localizaron el cuerpo sin vida de quien fue identificado posteriormente como Uziel L., de aproximadamente 40 a\u00f1os de edad.<\/p>\n\n\n\n<p>Anoche, cerca de las 23:00 horas, fue ultimado a balazos un individuo, en la colonia Jes\u00fas Rasgado; el cuerpo fue localizado en unas escaleras peatonales y hasta el momento se desconoce su identidad oficial.<\/p>\n\n\n\n<p>En todos los casos no hay reportes de personas detenidas y la Fiscal\u00eda General del Estado de Oaxaca, a trav\u00e9s de la Vicefiscal\u00eda Regional del Istmo, realiza las indagatorias correspondientes.<\/p>\n","protected":false},"excerpt":{"rendered":"<p>Raymundo Morales\/Zona Roja. Oaxaca, Oax., a 4 de junio de 2025.- En menos de 24&hellip;<\/p>\n","protected":false},"author":2,"featured_media":81012,"comment_status":"closed","ping_status":"open","sticky":false,"template":"","format":"standard","meta":{"_lmt_disableupdate":"","_lmt_disable":"","_jetpack_memberships_contains_paid_content":false,"footnotes":""},"categories":[109,51],"tags":[4053],"class_list":["post-81011","post","type-post","status-publish","format-standard","has-post-thumbnail","hentry","category-minuto-a-minuto","category-zona-roja","tag-asesinato-salina-cruz"],"jetpack_featured_media_url":"https:\/\/zonaroja.com.mx\/wp-content\/uploads\/2025\/06\/Asesinado-en-Salina-Cruz.jpeg","jetpack_sharing_enabled":true,"_links":{"self":[{"href":"https:\/\/zonaroja.com.mx\/index.php?rest_route=\/wp\/v2\/posts\/81011","targetHints":{"allow":["GET"]}}],"collection":[{"href":"https:\/\/zonaroja.com.mx\/index.php?rest_route=\/wp\/v2\/posts"}],"about":[{"href":"https:\/\/zonaroja.com.mx\/index.php?rest_route=\/wp\/v2\/types\/post"}],"author":[{"embeddable":true,"href":"https:\/\/zonaroja.com.mx\/index.php?rest_route=\/wp\/v2\/users\/2"}],"replies":[{"embeddable":true,"href":"https:\/\/zonaroja.com.mx\/index.php?rest_route=%2Fwp%2Fv2%2Fcomments&post=81011"}],"version-history":[{"count":1,"href":"https:\/\/zonaroja.com.mx\/index.php?rest_route=\/wp\/v2\/posts\/81011\/revisions"}],"predecessor-version":[{"id":81013,"href":"https:\/\/zonaroja.com.mx\/index.php?rest_route=\/wp\/v2\/posts\/81011\/revisions\/81013"}],"wp:featuredmedia":[{"embeddable":true,"href":"https:\/\/zonaroja.com.mx\/index.php?rest_route=\/wp\/v2\/media\/81012"}],"wp:attachment":[{"href":"https:\/\/zonaroja.com.mx\/index.php?rest_route=%2Fwp%2Fv2%2Fmedia&parent=81011"}],"wp:term":[{"taxonomy":"category","embeddable":true,"href":"https:\/\/zonaroja.com.mx\/index.php?rest_route=%2Fwp%2Fv2%2Fcategories&post=81011"},{"taxonomy":"post_tag","embeddable":true,"href":"https:\/\/zonaroja.com.mx\/index.php?rest_route=%2Fwp%2Fv2%2Ftags&post=81011"}],"curies":[{"name":"wp","href":"https:\/\/api.w.org\/{rel}","templated":true}]}}