{"id":81021,"date":"2025-06-05T08:15:00","date_gmt":"2025-06-05T14:15:00","guid":{"rendered":"https:\/\/zonaroja.com.mx\/?p=81021"},"modified":"2025-06-05T07:26:18","modified_gmt":"2025-06-05T13:26:18","slug":"magisterio-de-oaxaca-acuerda-repliegue-tactico-aun-no-lo-avala-la-cnte","status":"publish","type":"post","link":"https:\/\/zonaroja.com.mx\/?p=81021","title":{"rendered":"Magisterio de Oaxaca acuerda \u201crepliegue t\u00e1ctico\u201d; a\u00fan no lo avala la CNTE"},"content":{"rendered":"\n<p>Redacci\u00f3n\/Zona Roja Cdmx.<\/p>\n\n\n\n<p>Ciudad de M\u00e9xico, a 5 de junio de 2025.- En la administraci\u00f3n federal \u201chay falta de voluntad pol\u00edtica\u201d para dar respuesta la magisterio.&nbsp;<\/p>\n\n\n\n<p>\u201cEl gobierno federal dice que hasta aqu\u00ed puede ofrecer, e insiste en que aceptemos su propuesta\u201d, se\u00f1al\u00f3 la Comisi\u00f3n Nacional \u00danica de Negociaci\u00f3n (CNUN) de la Coordinadora Nacional de Trabajadores de la Educaci\u00f3n (CNTE) al concluir la cuarta mesa de trabajo con funcionarios federales en la Secretar\u00eda de Gobernaci\u00f3n (SG).<\/p>\n\n\n\n<p>Ante la falta de resultados, por la noche, la Asamblea Estatal de la Secci\u00f3n 22 de Oaxaca determin\u00f3 un \u201cretir\u00f3 t\u00e1ctico\u201d, lo que deber\u00e1 ser informado en la Asamblea Nacional Representativa (ANR) que se convoque hoy. \u201cCualquier retiro ser\u00e1 en unidad, por lo que debemos acordar con el resto de los contingentes movilizados cu\u00e1ndo podr\u00eda aplicarse esta resoluci\u00f3n\u201d.<\/p>\n\n\n\n<p>Despu\u00e9s de m\u00e1s de tres horas de di\u00e1logo, los dirigentes magisteriales refirieron que los secretarios de Gobernaci\u00f3n, Rosa Icela Rodr\u00edguez, y de Educaci\u00f3n P\u00fablica, Mario Delgado, advirtieron que \u201cno se van a mover y que es lo \u00fanico que pueden ofrecer al magisterio movilizado, pero nosotros decimos que nuestras demandas centrales son claras: abrogaci\u00f3n de la Ley del Issste de 2007 y de la reforma educativa\u201d.<\/p>\n\n\n\n<p>Poco antes de concluir el encuentro, una veintena de maestros de la Ceteg, con el rostro cubierto, intent\u00f3 ingresar al Palacio de Cobi\u00e1n por una de las puertas en la calle de Bucareli.&nbsp;<\/p>\n\n\n\n<p>Los polic\u00edas al interior reaccionaron rociando extintores para disuadir a los maestros, quienes desataron una lluvia de piedras y tabiques, y dos ventanas fueron destruidas.&nbsp;<\/p>\n\n\n\n<p>Los manifestantes tambi\u00e9n rotularon con las siglas de la Ceteg un veh\u00edculo con logotipos del gobierno capitalino, el cual, aseguraron, fue \u201cdonado\u201d al movimiento.<\/p>\n\n\n\n<p>Las secretar\u00edas de Educaci\u00f3n P\u00fablica y Gobernaci\u00f3n llamaron a la CNTE a continuar el di\u00e1logo y condenaron cualquier acto de violencia. Por su parte, la CNUN indic\u00f3 que la negociaci\u00f3n no est\u00e1 rota, aunque no sabe cu\u00e1ndo reiniciar\u00e1.<\/p>\n\n\n\n<figure class=\"wp-block-embed is-type-rich is-provider-twitter wp-block-embed-twitter\"><div class=\"wp-block-embed__wrapper\">\n<div class=\"twitter-tweet\"><blockquote class=\"twitter-tweet\" data-lang=\"es\"><p lang=\"es\" dir=\"ltr\">\u201cRepliegue t\u00e1ctico\u201d, acord\u00f3 ayer la Secci\u00f3n 22 del SNTE Oaxaca, acuerdo que ser\u00e1 llevado a la Asamblea Nacional Representativa de la Coordinadora Nacional de Trabajadores de la Educaci\u00f3n (CNTE), que sigue en paro. <br><br>A\u00fan no hay fecha definida para el retorno a clases. <br><br>Anoche a\u2026 <a href=\"https:\/\/t.co\/jIyo8eObHT\">pic.twitter.com\/jIyo8eObHT<\/a><\/p>&mdash; Zona Roja Oaxaca (@ZonaRoja_Oaxaca) <a href=\"https:\/\/twitter.com\/ZonaRoja_Oaxaca\/status\/1930613413052404121?ref_src=twsrc%5Etfw\">5 de junio de 2025<\/a><\/blockquote><\/div>\n<\/div><\/figure>\n\n\n\n<p>(Informaci\u00f3n de \u201cLa Jornada\u201d)<\/p>\n","protected":false},"excerpt":{"rendered":"<p>Redacci\u00f3n\/Zona Roja Cdmx. Ciudad de M\u00e9xico, a 5 de junio de 2025.- En la administraci\u00f3n&hellip;<\/p>\n","protected":false},"author":2,"featured_media":81018,"comment_status":"closed","ping_status":"open","sticky":false,"template":"","format":"standard","meta":{"_lmt_disableupdate":"","_lmt_disable":"","_jetpack_memberships_contains_paid_content":false,"footnotes":""},"categories":[109,47],"tags":[312],"class_list":["post-81021","post","type-post","status-publish","format-standard","has-post-thumbnail","hentry","category-minuto-a-minuto","category-zona-gris","tag-seccion-22-del-snte"],"jetpack_featured_media_url":"https:\/\/zonaroja.com.mx\/wp-content\/uploads\/2025\/06\/Asamblea-Estatal-Seccion-22.jpg","jetpack_sharing_enabled":true,"_links":{"self":[{"href":"https:\/\/zonaroja.com.mx\/index.php?rest_route=\/wp\/v2\/posts\/81021","targetHints":{"allow":["GET"]}}],"collection":[{"href":"https:\/\/zonaroja.com.mx\/index.php?rest_route=\/wp\/v2\/posts"}],"about":[{"href":"https:\/\/zonaroja.com.mx\/index.php?rest_route=\/wp\/v2\/types\/post"}],"author":[{"embeddable":true,"href":"https:\/\/zonaroja.com.mx\/index.php?rest_route=\/wp\/v2\/users\/2"}],"replies":[{"embeddable":true,"href":"https:\/\/zonaroja.com.mx\/index.php?rest_route=%2Fwp%2Fv2%2Fcomments&post=81021"}],"version-history":[{"count":2,"href":"https:\/\/zonaroja.com.mx\/index.php?rest_route=\/wp\/v2\/posts\/81021\/revisions"}],"predecessor-version":[{"id":81023,"href":"https:\/\/zonaroja.com.mx\/index.php?rest_route=\/wp\/v2\/posts\/81021\/revisions\/81023"}],"wp:featuredmedia":[{"embeddable":true,"href":"https:\/\/zonaroja.com.mx\/index.php?rest_route=\/wp\/v2\/media\/81018"}],"wp:attachment":[{"href":"https:\/\/zonaroja.com.mx\/index.php?rest_route=%2Fwp%2Fv2%2Fmedia&parent=81021"}],"wp:term":[{"taxonomy":"category","embeddable":true,"href":"https:\/\/zonaroja.com.mx\/index.php?rest_route=%2Fwp%2Fv2%2Fcategories&post=81021"},{"taxonomy":"post_tag","embeddable":true,"href":"https:\/\/zonaroja.com.mx\/index.php?rest_route=%2Fwp%2Fv2%2Ftags&post=81021"}],"curies":[{"name":"wp","href":"https:\/\/api.w.org\/{rel}","templated":true}]}}