{"id":81026,"date":"2025-06-05T11:08:00","date_gmt":"2025-06-05T17:08:00","guid":{"rendered":"https:\/\/zonaroja.com.mx\/?p=81026"},"modified":"2025-06-05T08:10:58","modified_gmt":"2025-06-05T14:10:58","slug":"guardia-nacional-mato-a-mujer-embarazada-y-a-su-pareja-en-sinaloa","status":"publish","type":"post","link":"https:\/\/zonaroja.com.mx\/?p=81026","title":{"rendered":"Guardia Nacional mat\u00f3 a mujer embarazada y a su pareja en Sinaloa"},"content":{"rendered":"\n<p>Redacci\u00f3n\/Zona Roja Cdmx.<\/p>\n\n\n\n<p>Ciudad de M\u00e9xico, a 5 de junio de 2025.- Una mujer embarazada y su pareja fue asesinada por la Guardia Nacional este domingo en Sinaloa debido a una \u201cconfusi\u00f3n\u201d. Esa parece ser la \u00fanica explicaci\u00f3n de lo ocurrido la tarde del pasado domingo en la comunidad de El Aguajito, municipio de Culiac\u00e1n, Sinaloa.&nbsp;<\/p>\n\n\n\n<p>Los uniformados dispararon contra Yessenia, una joven con cuatro meses de embarazo, de 25 a\u00f1os, psic\u00f3loga, y contra su pareja de 48, N\u00e9stor, un vendedor de pollo asado, cuando se encontraban haciendo rondines en la zona.<\/p>\n\n\n\n<p>La pareja era originaria de El Alamito, una peque\u00f1a comunidad al norte del municipio.&nbsp;<\/p>\n\n\n\n<p>Al momento de su asesinato se dirig\u00edan a visitar a su familia en El Aguajito. Circulaban por un camino de tercer\u00eda a bordo de una camioneta Dodge blanca cuando fueron interceptados por el convoy de la Guardia Nacional. De pronto, la balas alcanzaron su veh\u00edculo.<\/p>\n\n\n\n<p>De acuerdo a la versi\u00f3n oficial, difundida por \u201cEl Universal\u201d y otros medios, los agentes se encontraban realizando un operativo en b\u00fasqueda de civiles armados en los poblados de El Garbanzo y El Aguajito.&nbsp;<\/p>\n\n\n\n<p>Seg\u00fan estos informes, N\u00e9stor habr\u00eda disparado contra los uniformados usando un arma autom\u00e1tica. Los elementos de la Guardia Nacional habr\u00edan respondido a la agresi\u00f3n, matando tanto a N\u00e9stor como a Yessenia, quien estaba embarazada de cuatro meses.<\/p>\n\n\n\n<p>Sin embargo, vecinos y familiares de ambas comunidades contradicen esta informaci\u00f3n. En una manifestaci\u00f3n llevada a cabo este lunes frente a las instalaciones de la Guardia Nacional en el municipio de Guasave.&nbsp;<\/p>\n\n\n\n<p>Aseguran que la pareja no estaba involucrada en actividades il\u00edcitas, tampoco estaba armada. Apenas unos d\u00edas antes hab\u00edan hecho p\u00fablico que ser\u00edan padres con sus familiares y amigos. &nbsp;<\/p>\n\n\n\n<p>\u201cQueremos justicia, queremos justicia\u201d, \u201cJusticia para dos inocentes a quienes les arrebataron la vida\u201d, gritaron los manifestantes y llegaron incluso a empujar y golpear las puertas del cuartel, exigiendo ser atendidos.&nbsp;<\/p>\n\n\n\n<p>Testimonios recabados por el medio sinaloense \u201cLa Luz Noticias\u201d tambi\u00e9n contradicen la versi\u00f3n oficial. Existen testigos que aseguran que los elementos de la Guardia Nacional obligaron a N\u00e9stor y Yessenia a descender de su veh\u00edculo e hincarse. La pareja no habr\u00eda ofrecido resistencia. Al reconocerlos, algunos vecinos habr\u00edan intentado intervenir para evitar la ejecuci\u00f3n pero fueron alejados por los agentes.<\/p>\n\n\n\n<p>\u201cNo eran delincuentes, eran una familia que esperaba un hijo\u201d, expresaron los manifestantes frente a la base militar de Guasave.<\/p>\n\n\n\n<p>Al estar involucrados agentes federales, la Fiscal\u00eda General de la Rep\u00fablica se ha visto obligada a intervenir e inici\u00f3 ya una carpeta de investigaci\u00f3n por el asesinato de Yessenia y N\u00e9stor. As\u00ed lo inform\u00f3 Claudia Zulema S\u00e1nchez Kondo,&nbsp; titular de la Fiscal\u00eda General del Estado de Sinaloa:&nbsp;<\/p>\n\n\n\n<p>\u201cS\u00ed, ya se abri\u00f3 la carpeta de investigaci\u00f3n. Es un asunto que tambi\u00e9n est\u00e1 integr\u00e1ndose en la Fiscal\u00eda Federal. La Fiscal\u00eda del Estado se coordina en colaboraci\u00f3n solamente para el tema de la necropsia pericial, pero la carpeta est\u00e1 haci\u00e9ndose integrado por la autoridad federal\u201d.<\/p>\n\n\n\n<p>El caso ha llegado ya a los o\u00eddos de instancias internacionales. Amnist\u00eda Internacional M\u00e9xico emiti\u00f3 un comunicado exigiendo a las autoridades una investigaci\u00f3n \u201cindependiente, pronta y eficaz\u201d.&nbsp; El caso es a\u00fan m\u00e1s grave puesto que no es el \u00fanico: en los \u00faltimos meses, la Guardia Nacional y el Ej\u00e9rcito han acribillado a civiles, mujeres y ni\u00f1os, debido a supuestas confusiones.<\/p>\n\n\n\n<p>(Informaci\u00f3n de \u201cF\u00e1brica de Periodismo\u201d)<\/p>\n","protected":false},"excerpt":{"rendered":"<p>Redacci\u00f3n\/Zona Roja Cdmx. Ciudad de M\u00e9xico, a 5 de junio de 2025.- Una mujer embarazada&hellip;<\/p>\n","protected":false},"author":2,"featured_media":81027,"comment_status":"closed","ping_status":"open","sticky":false,"template":"","format":"standard","meta":{"_lmt_disableupdate":"","_lmt_disable":"","_jetpack_memberships_contains_paid_content":false,"footnotes":""},"categories":[109,51],"tags":[278,4146],"class_list":["post-81026","post","type-post","status-publish","format-standard","has-post-thumbnail","hentry","category-minuto-a-minuto","category-zona-roja","tag-guardia-nacional","tag-violencia-en-sinaloa"],"jetpack_featured_media_url":"https:\/\/zonaroja.com.mx\/wp-content\/uploads\/2025\/06\/Guardia-Nacional-mata-a-pareja-Sinaloa.webp","jetpack_sharing_enabled":true,"_links":{"self":[{"href":"https:\/\/zonaroja.com.mx\/index.php?rest_route=\/wp\/v2\/posts\/81026","targetHints":{"allow":["GET"]}}],"collection":[{"href":"https:\/\/zonaroja.com.mx\/index.php?rest_route=\/wp\/v2\/posts"}],"about":[{"href":"https:\/\/zonaroja.com.mx\/index.php?rest_route=\/wp\/v2\/types\/post"}],"author":[{"embeddable":true,"href":"https:\/\/zonaroja.com.mx\/index.php?rest_route=\/wp\/v2\/users\/2"}],"replies":[{"embeddable":true,"href":"https:\/\/zonaroja.com.mx\/index.php?rest_route=%2Fwp%2Fv2%2Fcomments&post=81026"}],"version-history":[{"count":1,"href":"https:\/\/zonaroja.com.mx\/index.php?rest_route=\/wp\/v2\/posts\/81026\/revisions"}],"predecessor-version":[{"id":81028,"href":"https:\/\/zonaroja.com.mx\/index.php?rest_route=\/wp\/v2\/posts\/81026\/revisions\/81028"}],"wp:featuredmedia":[{"embeddable":true,"href":"https:\/\/zonaroja.com.mx\/index.php?rest_route=\/wp\/v2\/media\/81027"}],"wp:attachment":[{"href":"https:\/\/zonaroja.com.mx\/index.php?rest_route=%2Fwp%2Fv2%2Fmedia&parent=81026"}],"wp:term":[{"taxonomy":"category","embeddable":true,"href":"https:\/\/zonaroja.com.mx\/index.php?rest_route=%2Fwp%2Fv2%2Fcategories&post=81026"},{"taxonomy":"post_tag","embeddable":true,"href":"https:\/\/zonaroja.com.mx\/index.php?rest_route=%2Fwp%2Fv2%2Ftags&post=81026"}],"curies":[{"name":"wp","href":"https:\/\/api.w.org\/{rel}","templated":true}]}}