{"id":81031,"date":"2025-06-05T13:15:00","date_gmt":"2025-06-05T19:15:00","guid":{"rendered":"https:\/\/zonaroja.com.mx\/?p=81031"},"modified":"2025-06-05T08:18:33","modified_gmt":"2025-06-05T14:18:33","slug":"ahora-trump-prohibir-la-entrada-a-eu-de-personas-de-12-paises","status":"publish","type":"post","link":"https:\/\/zonaroja.com.mx\/?p=81031","title":{"rendered":"Ahora Trump prohibir la entrada a EU de personas de 12 pa\u00edses"},"content":{"rendered":"\n<p>Redacci\u00f3n\/Zona Roja Cdmx.<\/p>\n\n\n\n<p>Ciudad de M\u00e9xico, a 5 de junio de 2025.- El presidente Donald Trump firm\u00f3 una orden que proh\u00edbe el ingreso a Estados Unidos a personas de 12 pa\u00edses, restableciendo una de las medidas m\u00e1s controvertidas y definitorias de su primer mandato a ra\u00edz de un ataque en Boulder, Colorado, que tuvo como objetivo una marcha en apoyo de los rehenes israel\u00edes.<\/p>\n\n\n\n<p>La prohibici\u00f3n de viajes, vigente por segunda vez, abarca Afganist\u00e1n, Myanmar, Chad, Rep\u00fablica del Congo, Guinea Ecuatorial, Eritrea, Hait\u00ed, Ir\u00e1n, Libia, Somalia, Sud\u00e1n y Yemen. La medida tambi\u00e9n limita parcialmente la entrada de personas procedentes de Burundi, Cuba, Laos, Sierra Leona, Togo, Turkmenist\u00e1n y Venezuela.<\/p>\n\n\n\n<p>A principios de semana, Trump culp\u00f3 a las pol\u00edticas migratorias del expresidente Joe Biden por la presencia del sospechoso del ataque de Boulder, un egipcio que se qued\u00f3 en el pa\u00eds m\u00e1s tiempo del permitido por su visa y que no se habr\u00eda visto afectado por la prohibici\u00f3n. Testigos afirman haber visto al sospechoso usar un lanzallamas improvisado y lanzar un artefacto incendiario durante el ataque.<\/p>\n\n\n\n<p>\u201cEl reciente ataque terrorista en Boulder, Colorado, ha puesto de relieve los graves peligros que representa para nuestro pa\u00eds la entrada de extranjeros sin una verificaci\u00f3n adecuada, as\u00ed como la de quienes llegan como visitantes temporales y se quedan m\u00e1s tiempo del permitido por sus visas\u201d, declar\u00f3 Trump en un video publicado el mi\u00e9rcoles en redes sociales. \u201cNo los queremos\u201d.<\/p>\n\n\n\n<p>CBS News fue el primero en informar sobre los esfuerzos de Trump para bloquear a viajeros de los 12 pa\u00edses.<\/p>\n\n\n\n<p>La prohibici\u00f3n no se aplicar\u00e1 a quienes ya tengan visas, residentes permanentes legales de Estados Unidos ni a equipos que viajen para la Copa Mundial de la FIFA o los Juegos Ol\u00edmpicos. Quienes tengan visas especiales para escapar de la persecuci\u00f3n en Ir\u00e1n o para apoyar el esfuerzo militar estadounidense en Afganist\u00e1n tambi\u00e9n estar\u00e1n exentos.<\/p>\n\n\n\n<p>Con ello, se espera que no existan controles para quienes acudan a los eventos, aunque se espera que en los pr\u00f3ximos meses se explique c\u00f3mo funcionar\u00e1 la entrada de asistentes de estos pa\u00edses.<\/p>\n\n\n\n<p>Y SUSPENDE VISAS<\/p>\n\n\n\n<p>Trump tambi\u00e9n firm\u00f3 una proclamaci\u00f3n separada suspendiendo las visas de estudiantes extranjeros que buscan participar en programas de intercambio en la Universidad de Harvard, que ya ha sido un blanco para la administraci\u00f3n que afirma que tiene un sesgo liberal y no est\u00e1 haciendo lo suficiente para abordar el antisemitismo.<\/p>\n\n\n\n<p>En la proclamaci\u00f3n de Harvard, Trump acus\u00f3 a la universidad de no disciplinar las violaciones de conducta en el campus y se quej\u00f3 de que la universidad s\u00f3lo hab\u00eda entregado informaci\u00f3n sobre tres estudiantes extranjeros acusados de actividades peligrosas, ilegales o amenazantes.<\/p>\n\n\n\n<p>\u201cLas acciones de Harvard muestran que o bien no informa completamente sobre los registros disciplinarios de sus estudiantes extranjeros o bien no vigila seriamente a sus estudiantes extranjeros\u201d, dijo Trump.<\/p>\n\n\n\n<p>En su primer mandato, Trump prohibi\u00f3 el ingreso de viajeros procedentes de Cuba, Ir\u00e1n, Libia, Corea del Norte, Somalia, Sud\u00e1n, Siria, Venezuela y Yemen.<\/p>\n\n\n\n<p>La incorporaci\u00f3n de Afganist\u00e1n a esta orden se produce despu\u00e9s de que la administraci\u00f3n Trump suspendiera el programa de refugiados de Estados Unidos y congelara la financiaci\u00f3n federal para programas de asistencia, incluidos aquellos que proporcionaban viajes a afganos que ya hab\u00edan sido aprobados para reasentarse en Estados Unidos.<\/p>\n\n\n\n<p>(Informaci\u00f3n de \u201cEl Financiero\u201d)<\/p>\n","protected":false},"excerpt":{"rendered":"<p>Redacci\u00f3n\/Zona Roja Cdmx. Ciudad de M\u00e9xico, a 5 de junio de 2025.- El presidente Donald&hellip;<\/p>\n","protected":false},"author":2,"featured_media":76709,"comment_status":"closed","ping_status":"open","sticky":false,"template":"","format":"standard","meta":{"_lmt_disableupdate":"","_lmt_disable":"","_jetpack_memberships_contains_paid_content":false,"footnotes":""},"categories":[109,47],"tags":[1060],"class_list":["post-81031","post","type-post","status-publish","format-standard","has-post-thumbnail","hentry","category-minuto-a-minuto","category-zona-gris","tag-donald-trump"],"jetpack_featured_media_url":"https:\/\/zonaroja.com.mx\/wp-content\/uploads\/2025\/01\/Donald-Trump-firma-ordenes-ejecutivas.png.webp","jetpack_sharing_enabled":true,"_links":{"self":[{"href":"https:\/\/zonaroja.com.mx\/index.php?rest_route=\/wp\/v2\/posts\/81031","targetHints":{"allow":["GET"]}}],"collection":[{"href":"https:\/\/zonaroja.com.mx\/index.php?rest_route=\/wp\/v2\/posts"}],"about":[{"href":"https:\/\/zonaroja.com.mx\/index.php?rest_route=\/wp\/v2\/types\/post"}],"author":[{"embeddable":true,"href":"https:\/\/zonaroja.com.mx\/index.php?rest_route=\/wp\/v2\/users\/2"}],"replies":[{"embeddable":true,"href":"https:\/\/zonaroja.com.mx\/index.php?rest_route=%2Fwp%2Fv2%2Fcomments&post=81031"}],"version-history":[{"count":1,"href":"https:\/\/zonaroja.com.mx\/index.php?rest_route=\/wp\/v2\/posts\/81031\/revisions"}],"predecessor-version":[{"id":81032,"href":"https:\/\/zonaroja.com.mx\/index.php?rest_route=\/wp\/v2\/posts\/81031\/revisions\/81032"}],"wp:featuredmedia":[{"embeddable":true,"href":"https:\/\/zonaroja.com.mx\/index.php?rest_route=\/wp\/v2\/media\/76709"}],"wp:attachment":[{"href":"https:\/\/zonaroja.com.mx\/index.php?rest_route=%2Fwp%2Fv2%2Fmedia&parent=81031"}],"wp:term":[{"taxonomy":"category","embeddable":true,"href":"https:\/\/zonaroja.com.mx\/index.php?rest_route=%2Fwp%2Fv2%2Fcategories&post=81031"},{"taxonomy":"post_tag","embeddable":true,"href":"https:\/\/zonaroja.com.mx\/index.php?rest_route=%2Fwp%2Fv2%2Ftags&post=81031"}],"curies":[{"name":"wp","href":"https:\/\/api.w.org\/{rel}","templated":true}]}}