{"id":81033,"date":"2025-06-05T11:19:00","date_gmt":"2025-06-05T17:19:00","guid":{"rendered":"https:\/\/zonaroja.com.mx\/?p=81033"},"modified":"2025-06-05T08:26:07","modified_gmt":"2025-06-05T14:26:07","slug":"detienen-en-oaxaca-a-dos-personas-por-delitos-de-violacion-y-violencia-familiar","status":"publish","type":"post","link":"https:\/\/zonaroja.com.mx\/?p=81033","title":{"rendered":"Detienen en Oaxaca a dos personas por delitos de violaci\u00f3n y violencia familiar"},"content":{"rendered":"\n<p>Redacci\u00f3n\/Zona Roja.&nbsp;<\/p>\n\n\n\n<p>Oaxaca, Oax., a 5 de junio de 2025.- En acciones coordinadas en combate a delitos contra la mujer, la Fiscal\u00eda General del Estado de Oaxaca (FGEO) obtuvo auto de vinculaci\u00f3n a proceso en contra de dos personas, una por el delito de violaci\u00f3n agravada y otra por violencia familiar, hechos cometidos en distintos lugares de la regi\u00f3n de los Valles Centrales.<\/p>\n\n\n\n<p>En el caso del delito de violaci\u00f3n agravada, ocurri\u00f3 en el municipio de San Agust\u00edn de las Juntas donde un hombre agredi\u00f3 sexualmente a una mujer -cuyos datos est\u00e1n reservados por ley-.<\/p>\n\n\n\n<p>De acuerdo con el expediente penal del caso, la agresi\u00f3n se suscit\u00f3 en diversas ocasiones entre finales del mes de agosto y los primeros d\u00edas del mes octubre 2017, misma acci\u00f3n que se repiti\u00f3 el cuatro de noviembre de 2023 y nueve de mayo de 2024.<\/p>\n\n\n\n<p>La investigaci\u00f3n revela que la v\u00edctima sufr\u00eda violencia y amenazas, adem\u00e1s durante ese transcurso de violencia la v\u00edctima present\u00f3 trastorno de adaptaci\u00f3n mixto con ansiedad y estado de \u00e1nimo deprimido.<\/p>\n\n\n\n<p>Derivado de estos hechos y, tras la denuncia interpuesta ante la FGEO, se iniciaron las investigaciones correspondientes a trav\u00e9s de la Fiscal\u00eda Especializada para la Atenci\u00f3n a Delitos Contra la Mujer por Raz\u00f3n de G\u00e9nero, logrando aprehender a F.R.L., para presentarlo ante la autoridad judicial quien derivado de las pruebas, lo vincul\u00f3 a proceso por el delito de violaci\u00f3n agravada y le impuso prisi\u00f3n preventiva justificada.<\/p>\n\n\n\n<p>Respecto al delito de violencia familiar, el caso ocurri\u00f3 el 16 de mayo de 2025 en San Jacinto Amilpas, municipio conurbado a la capital de Oaxaca, lugar donde el imputado identificado como F.A.G.C., irrumpi\u00f3 el domicilio de la v\u00edctima para despu\u00e9s agredirla verbal y f\u00edsicamente.<\/p>\n\n\n\n<p>Tras estos hechos y derivado de la denuncia, la FGEO inici\u00f3 las investigaciones a trav\u00e9s de la Fiscal\u00eda Especializada para la Atenci\u00f3n a Delitos Contra la Mujer por Raz\u00f3n de G\u00e9nero que, derivado de los resultados obtuvo una orden de aprehensi\u00f3n para presentarlo ante la autoridad competente.<\/p>\n\n\n\n<p>Tras el desahogo de pruebas aportadas por la FGEO, el juez de la causa dict\u00f3 vinculaci\u00f3n a proceso por el delito de violencia familiar e impuso la medida cautelar de prisi\u00f3n preventiva justificada otorgando el plazo de un mes para el cierre de la investigaci\u00f3n complementaria.<\/p>\n\n\n\n<p>&nbsp;UN SENTENCIADO<\/p>\n\n\n\n<p>En otro caso, la Fiscal\u00eda General del estado de Oaxaca (FGEO) obtuvo una sentencia condenatoria de 14 a\u00f1os de prisi\u00f3n en contra de una persona del sexo masculino identificado como Javier L.R., responsable del delito de Violaci\u00f3n, cometido en perjuicio de una mujer en la regi\u00f3n de la Sierra Sur.<\/p>\n\n\n\n<p>De acuerdo el expediente penal, los hechos sucedieron el 01 de septiembre de 2023, cuando la v\u00edctima una mujer (cuya identidad est\u00e1 reservada por ley) fue interceptada por el imputado cuando se encontraba en una terminal de transporte ubicada en calles c\u00e9ntricas de Miahuatl\u00e1n de Porfirio D\u00edaz, para despu\u00e9s ser trasladada en un veh\u00edculo a un domicilio ubicado en el kil\u00f3metro 92 de la carretera federal 175 de esa misma municipalidad, lugar donde fue agredida de manera sexual.<\/p>\n\n\n\n<p>Luego que la FGEO recibi\u00f3 la denuncia, se iniciaron las investigaciones ministeriales y con perspectiva de g\u00e9nero a trav\u00e9s de la Vicefiscal\u00eda Regional de Valles Centrales, que logr\u00f3 la detenci\u00f3n del hoy sentenciado, a quien llev\u00f3 ante las autoridades.<\/p>\n\n\n\n<p>Gracias a los resultados del trabajo multidisciplinario que la FGEO aport\u00f3, el Juez tuvo los elementos jur\u00eddicos para dictar sentencia condenatoria de 14 a\u00f1os de prisi\u00f3n en contra de Javier L.R., adem\u00e1s que estableci\u00f3 el pago de una multa.<\/p>\n","protected":false},"excerpt":{"rendered":"<p>Redacci\u00f3n\/Zona Roja.&nbsp; Oaxaca, Oax., a 5 de junio de 2025.- En acciones coordinadas en combate&hellip;<\/p>\n","protected":false},"author":2,"featured_media":81034,"comment_status":"closed","ping_status":"open","sticky":false,"template":"","format":"standard","meta":{"_lmt_disableupdate":"","_lmt_disable":"","_jetpack_memberships_contains_paid_content":false,"footnotes":""},"categories":[109,46],"tags":[494],"class_list":["post-81033","post","type-post","status-publish","format-standard","has-post-thumbnail","hentry","category-minuto-a-minuto","category-zona-blanca","tag-fiscalia-general-del-estado-de-oaxaca"],"jetpack_featured_media_url":"https:\/\/zonaroja.com.mx\/wp-content\/uploads\/2025\/06\/Detenidos-Fiscalia.jpg","jetpack_sharing_enabled":true,"_links":{"self":[{"href":"https:\/\/zonaroja.com.mx\/index.php?rest_route=\/wp\/v2\/posts\/81033","targetHints":{"allow":["GET"]}}],"collection":[{"href":"https:\/\/zonaroja.com.mx\/index.php?rest_route=\/wp\/v2\/posts"}],"about":[{"href":"https:\/\/zonaroja.com.mx\/index.php?rest_route=\/wp\/v2\/types\/post"}],"author":[{"embeddable":true,"href":"https:\/\/zonaroja.com.mx\/index.php?rest_route=\/wp\/v2\/users\/2"}],"replies":[{"embeddable":true,"href":"https:\/\/zonaroja.com.mx\/index.php?rest_route=%2Fwp%2Fv2%2Fcomments&post=81033"}],"version-history":[{"count":1,"href":"https:\/\/zonaroja.com.mx\/index.php?rest_route=\/wp\/v2\/posts\/81033\/revisions"}],"predecessor-version":[{"id":81035,"href":"https:\/\/zonaroja.com.mx\/index.php?rest_route=\/wp\/v2\/posts\/81033\/revisions\/81035"}],"wp:featuredmedia":[{"embeddable":true,"href":"https:\/\/zonaroja.com.mx\/index.php?rest_route=\/wp\/v2\/media\/81034"}],"wp:attachment":[{"href":"https:\/\/zonaroja.com.mx\/index.php?rest_route=%2Fwp%2Fv2%2Fmedia&parent=81033"}],"wp:term":[{"taxonomy":"category","embeddable":true,"href":"https:\/\/zonaroja.com.mx\/index.php?rest_route=%2Fwp%2Fv2%2Fcategories&post=81033"},{"taxonomy":"post_tag","embeddable":true,"href":"https:\/\/zonaroja.com.mx\/index.php?rest_route=%2Fwp%2Fv2%2Ftags&post=81033"}],"curies":[{"name":"wp","href":"https:\/\/api.w.org\/{rel}","templated":true}]}}