{"id":81036,"date":"2025-06-05T10:33:35","date_gmt":"2025-06-05T16:33:35","guid":{"rendered":"https:\/\/zonaroja.com.mx\/?p=81036"},"modified":"2025-06-05T10:33:35","modified_gmt":"2025-06-05T16:33:35","slug":"confirman-violacion-a-derechos-de-periodista-y-su-familia-en-oaxaca","status":"publish","type":"post","link":"https:\/\/zonaroja.com.mx\/?p=81036","title":{"rendered":"Confirman violaci\u00f3n a derechos de periodista y su familia en Oaxaca"},"content":{"rendered":"\n<p>Redacci\u00f3n\/Zona Roja.&nbsp;<\/p>\n\n\n\n<p>Oaxaca, Oax., a 5 de junio de 2025.-&nbsp;La Defensor\u00eda de los Derechos Humanos del Pueblo de Oaxaca emiti\u00f3 la Recomendaci\u00f3n 11\/2025, dirigida a la Fiscal\u00eda General del Estado, tras acreditar violaciones graves a los derechos humanos en agravio de cinco integrantes de una familia, entre ellos el periodista \u00c1lvaro Cuitl\u00e1huac L\u00f3pez.&nbsp;<\/p>\n\n\n\n<p>Los hechos ocurrieron el 7 de marzo de 2025 en la calle prolongaci\u00f3n de Galeana de la capital, durante un operativo realizado por elementos de la Agencia Estatal de Investigaciones (AEI), quienes ingresaron de forma violenta al domicilio familiar, emplearon uso indebido de la fuerza, retuvieron ilegalmente a las v\u00edctimas \u2014entre ellas personas mayores\u2014 y atentaron contra la libertad de expresi\u00f3n de un integrante de la familia, periodista, quien documentaba el operativo mediante una transmisi\u00f3n en vivo.<\/p>\n\n\n\n<p>\u201cCon base en la evidencia recabada a trav\u00e9s de material audiovisual, valoraciones m\u00e9dicas, psicol\u00f3gicas y testimonios, la Defensor\u00eda acredit\u00f3 las siguientes violaciones: inviolabilidad del domicilio, integridad y seguridad personal, uso indebido de la fuerza p\u00fablica, retenci\u00f3n ilegal, violaciones a derechos de personas mayores y restricci\u00f3n a la libertad de expresi\u00f3n\u201d, destac\u00f3 en un comunicado.<\/p>\n\n\n\n<p>Por lo anterior, la DDHPO solicita a la Fiscal\u00eda General del Estado la reparaci\u00f3n integral del da\u00f1o a las v\u00edctimas, incluyendo una compensaci\u00f3n justa, inscripci\u00f3n de las personas agraviadas en el Registro Estatal de V\u00edctimas, as\u00ed como un seguimiento y correcta integraci\u00f3n de la carpeta de investigaci\u00f3n.<\/p>\n\n\n\n<p>Tambi\u00e9n, solicita la implementaci\u00f3n de un curso integral en derechos humanos para agentes de la AEI y del Ministerio P\u00fablico, con \u00e9nfasis en uso de la fuerza, derechos de personas mayores y periodistas, adem\u00e1s de instruir que todo el personal de la FGEO garantice el respeto y no obstaculizaci\u00f3n a la libertad de expresi\u00f3n, as\u00ed como realizaci\u00f3n de una disculpa p\u00fablica, reconociendo las violaciones acreditadas y el reconocimiento de sus responsabilidades.&nbsp;<\/p>\n","protected":false},"excerpt":{"rendered":"<p>Redacci\u00f3n\/Zona Roja.&nbsp; Oaxaca, Oax., a 5 de junio de 2025.-&nbsp;La Defensor\u00eda de los Derechos Humanos&hellip;<\/p>\n","protected":false},"author":2,"featured_media":78217,"comment_status":"closed","ping_status":"open","sticky":false,"template":"","format":"standard","meta":{"_lmt_disableupdate":"","_lmt_disable":"","_jetpack_memberships_contains_paid_content":false,"footnotes":""},"categories":[109,47],"tags":[],"class_list":["post-81036","post","type-post","status-publish","format-standard","has-post-thumbnail","hentry","category-minuto-a-minuto","category-zona-gris"],"jetpack_featured_media_url":"https:\/\/zonaroja.com.mx\/wp-content\/uploads\/2025\/03\/Agresion-y-detencion-reportero-Alvaro-Cuitlauac.jpg","jetpack_sharing_enabled":true,"_links":{"self":[{"href":"https:\/\/zonaroja.com.mx\/index.php?rest_route=\/wp\/v2\/posts\/81036","targetHints":{"allow":["GET"]}}],"collection":[{"href":"https:\/\/zonaroja.com.mx\/index.php?rest_route=\/wp\/v2\/posts"}],"about":[{"href":"https:\/\/zonaroja.com.mx\/index.php?rest_route=\/wp\/v2\/types\/post"}],"author":[{"embeddable":true,"href":"https:\/\/zonaroja.com.mx\/index.php?rest_route=\/wp\/v2\/users\/2"}],"replies":[{"embeddable":true,"href":"https:\/\/zonaroja.com.mx\/index.php?rest_route=%2Fwp%2Fv2%2Fcomments&post=81036"}],"version-history":[{"count":1,"href":"https:\/\/zonaroja.com.mx\/index.php?rest_route=\/wp\/v2\/posts\/81036\/revisions"}],"predecessor-version":[{"id":81037,"href":"https:\/\/zonaroja.com.mx\/index.php?rest_route=\/wp\/v2\/posts\/81036\/revisions\/81037"}],"wp:featuredmedia":[{"embeddable":true,"href":"https:\/\/zonaroja.com.mx\/index.php?rest_route=\/wp\/v2\/media\/78217"}],"wp:attachment":[{"href":"https:\/\/zonaroja.com.mx\/index.php?rest_route=%2Fwp%2Fv2%2Fmedia&parent=81036"}],"wp:term":[{"taxonomy":"category","embeddable":true,"href":"https:\/\/zonaroja.com.mx\/index.php?rest_route=%2Fwp%2Fv2%2Fcategories&post=81036"},{"taxonomy":"post_tag","embeddable":true,"href":"https:\/\/zonaroja.com.mx\/index.php?rest_route=%2Fwp%2Fv2%2Ftags&post=81036"}],"curies":[{"name":"wp","href":"https:\/\/api.w.org\/{rel}","templated":true}]}}