{"id":8104,"date":"2020-01-27T14:08:16","date_gmt":"2020-01-27T20:08:16","guid":{"rendered":"http:\/\/www.zonaroja.com.mx\/?p=8104"},"modified":"2020-01-27T16:24:33","modified_gmt":"2020-01-27T22:24:33","slug":"exigen-revocacion-de-concesion-a-taxistas-agresores-de-la-comunidad-lgbt","status":"publish","type":"post","link":"https:\/\/zonaroja.com.mx\/?p=8104","title":{"rendered":"Exigen revocaci\u00f3n de concesi\u00f3n a taxistas agresores de la comunidad LGBT"},"content":{"rendered":"\n<p>Evlin Arag\u00f3n\/Zona Roja.<\/p>\n\n\n\n<p>Oaxaca de Ju\u00e1rez, Oax., 27 de enero de\n2020.- Integrantes de la comunidad LGBT exigieron la revocaci\u00f3n de la concesi\u00f3n\na taxistas que golpearon a tres j\u00f3venes en dos hechos distintos, el pasado fin\nde semana, as\u00ed como la reparaci\u00f3n de los da\u00f1os y atenci\u00f3n de los ataques de\nodio en la entidad oaxaque\u00f1a.<\/p>\n\n\n\n<p>A trav\u00e9s de un pronunciamiento, las\ndiversas expresiones sexodisidentes explicaron que mientras personas machistas\ny violentas sigan a bordo de una unidad de transporte p\u00fablico, ninguna persona\nest\u00e1 segura, raz\u00f3n por la que insistieron en la pronta atenci\u00f3n de los hechos\npor parte de la Secretar\u00eda de Movilidad de Gobierno de Oaxaca, que para otros\ncasos de violencia ejercida por trabajadores del volante ya ha fijado su\npostura de cero tolerancia. <\/p>\n\n\n\n<p>En este sentido, detallaron que es\nindispensable la soluci\u00f3n pronta y efectiva de los hechos, mediante las v\u00edas\nlegales que han decidido seguir Xavier y David -la pareja gay agredida- as\u00ed\ncomo la reparaci\u00f3n del da\u00f1o, incluida la denuncia p\u00fablica y el compromiso de\nque no se repitan las agresiones por razones de odio en la entidad. <\/p>\n\n\n\n<p>Otro fue el caso de \u201cFerchi\u201d Ram\u00edrez,\ngolpeado por otro ruletero por no tener cambio para pagar un servicio.<\/p>\n\n\n\n<p>Manifestaron que la violencia\nregistrada en contra de los j\u00f3venes forma parte de los miles de ejemplos de\nviolencia, tortura y sangre que se entretejen en la cotidianidad, en un pa\u00eds\nmachista, feminicida y con un sistema econ\u00f3mico que violenta las expresiones\ndisidentes.<\/p>\n\n\n\n<p>\u201cEste cobarde y ratero ataque no puede\ncontemplarse al margen de la sociedad machista y violenta en la que vivimos, de\nun Estado feminicida y un sistema econ\u00f3mico que violenta toda expresi\u00f3n\ndisidente a lo largo del mundo. Por eso hoy unimos nuestras voces y la hacemos\nuna para exigir justicia y defender nuestras vidas\u201d, refirieron.<\/p>\n\n\n\n<p>En este sentido denunciaron el doble\ndiscurso que maneja el Gobierno del Estado en torno a la inclusi\u00f3n ya a trav\u00e9s\nde la imagen pretenden vender un para\u00edso \u201cgayfriendly\u201d al turismo, mientras que\nen la realidad las pol\u00edticas p\u00fablicas no son efectivas para la erradicaci\u00f3n de\nla discriminaci\u00f3n por razones de g\u00e9nero, prueba de lo las cifras de\nfeminicidios que se registran en Oaxaca y que no dejan de crecer. <\/p>\n\n\n\n<p>Recordaron que en julio pasado fue\nasesinada Carly -mujer trans- quien se desangr\u00f3 al recibir varias pu\u00f1aladas en\nlas calles del Centro Hist\u00f3rico, as\u00ed como se registraron otros casos en la\nentidad y pa\u00eds colocando a este \u00faltimo en la segunda posici\u00f3n mundial de\nataques de odio en contra de las expresiones sexodisidentes.&nbsp; <\/p>\n\n\n\n<p>Por lo anterior reivindicaron la\nautodefensa y aseguraron que no est\u00e1n dispuestas a callar. \u201cEl cuidado de una\nmisma, la procuraci\u00f3n de seguridad por nosotras mismas, da la consigna. Ante\nlos insultos, el acoso, las violaciones, las golpizas, los feminicidios y\ncr\u00edmenes de odio \u00a1Autodefensa!\u201d, concluyeron.<\/p>\n\n\n\n<p>Finalmente insistieron en que se haga\np\u00fablico el nombre del taxista agresor, as\u00ed como de sus compa\u00f1eros que\nparticiparon en la tortura de la que fueron v\u00edctimas dos j\u00f3venes, que se les\nretire la concesi\u00f3n para evitar la repetici\u00f3n de los hechos, as\u00ed como una\ndisculpa p\u00fablica de parte del gremio de trabajadores al volante y su compromiso\nde conducirse sin violencia en beneficio de la sociedad.&nbsp; <\/p>\n","protected":false},"excerpt":{"rendered":"<p>Evlin Arag\u00f3n\/Zona Roja. Oaxaca de Ju\u00e1rez, Oax., 27 de enero de 2020.- Integrantes de la&hellip;<\/p>\n","protected":false},"author":2,"featured_media":8105,"comment_status":"closed","ping_status":"open","sticky":false,"template":"","format":"standard","meta":{"_lmt_disableupdate":"","_lmt_disable":"","_jetpack_memberships_contains_paid_content":false,"footnotes":""},"categories":[109,47],"tags":[],"class_list":["post-8104","post","type-post","status-publish","format-standard","has-post-thumbnail","hentry","category-minuto-a-minuto","category-zona-gris"],"jetpack_featured_media_url":"https:\/\/zonaroja.com.mx\/wp-content\/uploads\/2020\/01\/IMG_2176.jpg","jetpack_sharing_enabled":true,"_links":{"self":[{"href":"https:\/\/zonaroja.com.mx\/index.php?rest_route=\/wp\/v2\/posts\/8104","targetHints":{"allow":["GET"]}}],"collection":[{"href":"https:\/\/zonaroja.com.mx\/index.php?rest_route=\/wp\/v2\/posts"}],"about":[{"href":"https:\/\/zonaroja.com.mx\/index.php?rest_route=\/wp\/v2\/types\/post"}],"author":[{"embeddable":true,"href":"https:\/\/zonaroja.com.mx\/index.php?rest_route=\/wp\/v2\/users\/2"}],"replies":[{"embeddable":true,"href":"https:\/\/zonaroja.com.mx\/index.php?rest_route=%2Fwp%2Fv2%2Fcomments&post=8104"}],"version-history":[{"count":1,"href":"https:\/\/zonaroja.com.mx\/index.php?rest_route=\/wp\/v2\/posts\/8104\/revisions"}],"predecessor-version":[{"id":8109,"href":"https:\/\/zonaroja.com.mx\/index.php?rest_route=\/wp\/v2\/posts\/8104\/revisions\/8109"}],"wp:featuredmedia":[{"embeddable":true,"href":"https:\/\/zonaroja.com.mx\/index.php?rest_route=\/wp\/v2\/media\/8105"}],"wp:attachment":[{"href":"https:\/\/zonaroja.com.mx\/index.php?rest_route=%2Fwp%2Fv2%2Fmedia&parent=8104"}],"wp:term":[{"taxonomy":"category","embeddable":true,"href":"https:\/\/zonaroja.com.mx\/index.php?rest_route=%2Fwp%2Fv2%2Fcategories&post=8104"},{"taxonomy":"post_tag","embeddable":true,"href":"https:\/\/zonaroja.com.mx\/index.php?rest_route=%2Fwp%2Fv2%2Ftags&post=8104"}],"curies":[{"name":"wp","href":"https:\/\/api.w.org\/{rel}","templated":true}]}}