{"id":81050,"date":"2025-06-06T07:17:00","date_gmt":"2025-06-06T13:17:00","guid":{"rendered":"https:\/\/zonaroja.com.mx\/?p=81050"},"modified":"2025-06-06T06:39:38","modified_gmt":"2025-06-06T12:39:38","slug":"sin-cesar-los-crimenes-en-la-region-del-istmo-de-tehuantepec","status":"publish","type":"post","link":"https:\/\/zonaroja.com.mx\/?p=81050","title":{"rendered":"Sin cesar, los cr\u00edmenes en la regi\u00f3n del Istmo de Tehuantepec"},"content":{"rendered":"\n<p>Raymundo Morales\/Zona Roja.<\/p>\n\n\n\n<p>Oaxaca, Oax., a 6 de junio de 2025.- La ola criminal crece en la regi\u00f3n del Istmo de Tehuantepec, pese a la detenci\u00f3n de al menos 50 presuntos l\u00edderes de grupos delictivos.<\/p>\n\n\n\n<p>Ayer por la tarde, un individuo fue asesinado a un costado de la carretera Trans\u00edsmica, a la altura de la colonia 15 de Septiembre del municipio de Juchit\u00e1n de Zaragoza.<\/p>\n\n\n\n<p>Sujetos armados acribillaron afuera de un local de comida a quien fue identificado como Bethoven L. R., tras lo cual le dejaron una cartulina con un presunto narcomensaje; en ausencia de polic\u00edas en la zona, lograron huir sin complicaciones.<\/p>\n\n\n\n<p>Y como suele suceder en la zona istme\u00f1a, familiares del hoy occiso arribaron y se llevaron el cuerpo a bordo de un mototaxi, sin que los uniformados pudieran impedirlo, lo que dificult\u00f3 las labores periciales.<\/p>\n\n\n\n<p>Personal de la Vicefiscal\u00eda Regional del Istmo arrib\u00f3 a la zona para iniciar las investigaciones correspondientes.<\/p>\n\n\n\n<p>Cabe mencionar que en la semana que termina, en la regi\u00f3n del Istmo han sido asesinadas al menos seis personas, una de ellas la de ayer en Juchit\u00e1n, otra en El Espinal, una en Mat\u00edas Romero Avenda\u00f1o y tres en Salina Cruz.<\/p>\n","protected":false},"excerpt":{"rendered":"<p>Raymundo Morales\/Zona Roja. Oaxaca, Oax., a 6 de junio de 2025.- La ola criminal crece&hellip;<\/p>\n","protected":false},"author":2,"featured_media":81056,"comment_status":"closed","ping_status":"open","sticky":false,"template":"","format":"standard","meta":{"_lmt_disableupdate":"","_lmt_disable":"","_jetpack_memberships_contains_paid_content":false,"footnotes":""},"categories":[109,51],"tags":[297],"class_list":["post-81050","post","type-post","status-publish","format-standard","has-post-thumbnail","hentry","category-minuto-a-minuto","category-zona-roja","tag-ejecutado-juchitan"],"jetpack_featured_media_url":"https:\/\/zonaroja.com.mx\/wp-content\/uploads\/2025\/06\/Asesinado-en-Juchitan.jpeg","jetpack_sharing_enabled":true,"_links":{"self":[{"href":"https:\/\/zonaroja.com.mx\/index.php?rest_route=\/wp\/v2\/posts\/81050","targetHints":{"allow":["GET"]}}],"collection":[{"href":"https:\/\/zonaroja.com.mx\/index.php?rest_route=\/wp\/v2\/posts"}],"about":[{"href":"https:\/\/zonaroja.com.mx\/index.php?rest_route=\/wp\/v2\/types\/post"}],"author":[{"embeddable":true,"href":"https:\/\/zonaroja.com.mx\/index.php?rest_route=\/wp\/v2\/users\/2"}],"replies":[{"embeddable":true,"href":"https:\/\/zonaroja.com.mx\/index.php?rest_route=%2Fwp%2Fv2%2Fcomments&post=81050"}],"version-history":[{"count":1,"href":"https:\/\/zonaroja.com.mx\/index.php?rest_route=\/wp\/v2\/posts\/81050\/revisions"}],"predecessor-version":[{"id":81057,"href":"https:\/\/zonaroja.com.mx\/index.php?rest_route=\/wp\/v2\/posts\/81050\/revisions\/81057"}],"wp:featuredmedia":[{"embeddable":true,"href":"https:\/\/zonaroja.com.mx\/index.php?rest_route=\/wp\/v2\/media\/81056"}],"wp:attachment":[{"href":"https:\/\/zonaroja.com.mx\/index.php?rest_route=%2Fwp%2Fv2%2Fmedia&parent=81050"}],"wp:term":[{"taxonomy":"category","embeddable":true,"href":"https:\/\/zonaroja.com.mx\/index.php?rest_route=%2Fwp%2Fv2%2Fcategories&post=81050"},{"taxonomy":"post_tag","embeddable":true,"href":"https:\/\/zonaroja.com.mx\/index.php?rest_route=%2Fwp%2Fv2%2Ftags&post=81050"}],"curies":[{"name":"wp","href":"https:\/\/api.w.org\/{rel}","templated":true}]}}