{"id":8106,"date":"2020-01-27T12:17:16","date_gmt":"2020-01-27T18:17:16","guid":{"rendered":"https:\/\/www.zonaroja.com.mx\/?p=8106"},"modified":"2020-01-27T12:17:19","modified_gmt":"2020-01-27T18:17:19","slug":"condenan-diputados-triple-feminicidio-en-ixtayutla-exigen-se-indague-con-perspectiva-de-genero","status":"publish","type":"post","link":"https:\/\/zonaroja.com.mx\/?p=8106","title":{"rendered":"Condenan diputados triple feminicidio en Ixtayutla; exigen se indague con perspectiva de g\u00e9nero\u00a0"},"content":{"rendered":"\n<p class=\"MsoNormal\">Redacci\u00f3n\/Zona Roja.&nbsp;<\/p>\n\n\n\n<p class=\"MsoNormal\">Oaxaca de Ju\u00e1rez, Oax., 27 de enero de 2020.- Luego del asesinato m\u00faltiple de mujeres en Santiago Ixtayutla, el presidente de la Junta de Coordinaci\u00f3n Pol\u00edtica del Congreso del Estado, Horacio Sosa, conden\u00f3 este hecho \u201cque una vez m\u00e1s enluta a los oaxaque\u00f1os y que nos recuerda las tareas pendientes de las instituciones que se han mantenido omisas ante estos casos que van a la alza\u201d.&nbsp;<\/p>\n\n\n\n<p class=\"MsoNormal\">A su vez, la presidenta de la comisi\u00f3n permanente de Derechos Humanos, la diputada Magaly L\u00f3pez, se\u00f1al\u00f3 que este tipo de casos ponen en evidencia la falta de garant\u00edas a los derechos de la ni\u00f1ez y de las mujeres, por lo que exigi\u00f3 una investigaci\u00f3n clara y contundente donde se priorice sus intereses y se prevengan este tipo de acciones que vulneran a las y los oaxaque\u00f1os.&nbsp;<\/p>\n\n\n\n<p class=\"MsoNormal\">En este mismo sentido, la diputada Elisa Zepeda, quien tambi\u00e9n preside la comisi\u00f3n permanente de Administraci\u00f3n y Procuraci\u00f3n de Justicia, exigi\u00f3 a la Fiscal\u00eda General del Estado una investigaci\u00f3n con enfoque de g\u00e9nero, as\u00ed como garantizar un castigo ejemplar para los responsables de estos feminicidios, adem\u00e1s de las acumuladas tan solo en este mes de enero, que inici\u00f3, con otros 12 asesinatos de mujeres en los primeros d\u00edas de 2020.&nbsp;<\/p>\n\n\n\n<p class=\"MsoNormal\">El caso se registr\u00f3 el s\u00e1bado 25 de enero, cuando fueron asesinadas, una mujer de 32 a\u00f1os, una ni\u00f1a de dos a\u00f1os y otra m\u00e1s de siete a\u00f1os, adem\u00e1s de cinco personas m\u00e1s que resultaron con heridas, ello en la comunidad de Santiago Ixtayutla en la regi\u00f3n de la costa, zona del estado que se ha caracterizado en los \u00faltimos a\u00f1os por el registro de actos violentos.&nbsp;<\/p>\n","protected":false},"excerpt":{"rendered":"<p>Redacci\u00f3n\/Zona Roja.&nbsp; Oaxaca de Ju\u00e1rez, Oax., 27 de enero de 2020.- Luego del asesinato m\u00faltiple&hellip;<\/p>\n","protected":false},"author":2,"featured_media":5535,"comment_status":"closed","ping_status":"open","sticky":false,"template":"","format":"standard","meta":{"_lmt_disableupdate":"","_lmt_disable":"","_jetpack_memberships_contains_paid_content":false,"footnotes":""},"categories":[109,47],"tags":[1321],"class_list":["post-8106","post","type-post","status-publish","format-standard","has-post-thumbnail","hentry","category-minuto-a-minuto","category-zona-gris","tag-el-huamuche-santiago-ixtayutla"],"jetpack_featured_media_url":"https:\/\/zonaroja.com.mx\/wp-content\/uploads\/2019\/11\/Congreso-del-Estado.jpg","jetpack_sharing_enabled":true,"_links":{"self":[{"href":"https:\/\/zonaroja.com.mx\/index.php?rest_route=\/wp\/v2\/posts\/8106","targetHints":{"allow":["GET"]}}],"collection":[{"href":"https:\/\/zonaroja.com.mx\/index.php?rest_route=\/wp\/v2\/posts"}],"about":[{"href":"https:\/\/zonaroja.com.mx\/index.php?rest_route=\/wp\/v2\/types\/post"}],"author":[{"embeddable":true,"href":"https:\/\/zonaroja.com.mx\/index.php?rest_route=\/wp\/v2\/users\/2"}],"replies":[{"embeddable":true,"href":"https:\/\/zonaroja.com.mx\/index.php?rest_route=%2Fwp%2Fv2%2Fcomments&post=8106"}],"version-history":[{"count":1,"href":"https:\/\/zonaroja.com.mx\/index.php?rest_route=\/wp\/v2\/posts\/8106\/revisions"}],"predecessor-version":[{"id":8107,"href":"https:\/\/zonaroja.com.mx\/index.php?rest_route=\/wp\/v2\/posts\/8106\/revisions\/8107"}],"wp:featuredmedia":[{"embeddable":true,"href":"https:\/\/zonaroja.com.mx\/index.php?rest_route=\/wp\/v2\/media\/5535"}],"wp:attachment":[{"href":"https:\/\/zonaroja.com.mx\/index.php?rest_route=%2Fwp%2Fv2%2Fmedia&parent=8106"}],"wp:term":[{"taxonomy":"category","embeddable":true,"href":"https:\/\/zonaroja.com.mx\/index.php?rest_route=%2Fwp%2Fv2%2Fcategories&post=8106"},{"taxonomy":"post_tag","embeddable":true,"href":"https:\/\/zonaroja.com.mx\/index.php?rest_route=%2Fwp%2Fv2%2Ftags&post=8106"}],"curies":[{"name":"wp","href":"https:\/\/api.w.org\/{rel}","templated":true}]}}