{"id":81061,"date":"2025-06-06T09:15:00","date_gmt":"2025-06-06T15:15:00","guid":{"rendered":"https:\/\/zonaroja.com.mx\/?p=81061"},"modified":"2025-06-06T07:30:26","modified_gmt":"2025-06-06T13:30:26","slug":"entre-acusaciones-entrampado-conflicto-en-derecho-de-la-uabjo","status":"publish","type":"post","link":"https:\/\/zonaroja.com.mx\/?p=81061","title":{"rendered":"Entre acusaciones, entrampado conflicto en Derecho de la UABJO"},"content":{"rendered":"\n<p>Lisbeth Mej\u00eda Reyes\/Zona Roja.<\/p>\n\n\n\n<p>Oaxaca, Oax., a 6 de junio de 2025.- El conflicto en la Facultad de Derecho y Ciencias Sociales de la Universidad Aut\u00f3noma Benito Ju\u00e1rez de Oaxaca (UABJO) est\u00e1 por cumplir tres semanas desde que las instalaciones en ciudad universitaria, en la capital oaxaque\u00f1a, fueron \u201ctomadas\u201d por un grupo de catedr\u00e1ticos y alumnado que exige la destituci\u00f3n de la directora, Roc\u00edo Mart\u00ednez Helmes.&nbsp;<\/p>\n\n\n\n<p>La parte inconforme, que encabeza el ex director Miguel \u00c1ngel V\u00e1squez Ram\u00edrez bajo el respaldo del Sindicato de Trabajadores y Empleados de la UABJO (STEUABJO), acusa a Mart\u00ednez Helmes de presuntos acuerdos e irregularidades en la integraci\u00f3n del consejo t\u00e9cnico, por tener nexos con el gobierno estatal y la intromisi\u00f3n de este previo a las elecciones de la facultad.<\/p>\n\n\n\n<p>En tanto, el consejo t\u00e9cnico de la Facultad, presidido por la directora, se\u00f1ala que la protesta es de parte de un \u00abgrupo reducido que lo \u00fanico que persigue es la satisfacci\u00f3n de intereses pol\u00edticos y econ\u00f3micos personales\u00bb y de generar inestabilidad. Incluso, exige a las autoridades federales, estatales y universitarias su intervenci\u00f3n inmediata, \u00abbajo el \u00e1mbito de sus competencias\u00bb. Algo similar pide la fracci\u00f3n en contra de la directora, pues al acusarla de falta de sensibilidad y de negativa al di\u00e1logo demanda la intervenci\u00f3n del rector y del consejo universitario.<\/p>\n\n\n\n<p>Hasta ahora, el rector de la UABJO, Cristian Carre\u00f1o, se ha mantenido al margen del conflicto, en tanto, las y los estudiantes no han podido tener clases de manera normal.<\/p>\n\n\n\n<p>El pasado 21 de mayo, la direcci\u00f3n de la Facultad emiti\u00f3 un comunicado en el que ped\u00eda a docentes y alumnado coordinarse para que las clases fueran en l\u00ednea, mientras se gestiona la liberaci\u00f3n de las instalaciones.<\/p>\n\n\n\n<p>La semana pasada, a trav\u00e9s de un comunicado dirigido a la sociedad, a la comunidad universitaria y al rector, el consejo t\u00e9cnico de la facultad no solo atribuy\u00f3 la protesta a un grupo reducido sino \u00abcriminal\u00bb, del que acusa de violencia de g\u00e9nero en contra de la directora. Adem\u00e1s de que asegura tener disposici\u00f3n al di\u00e1logo con la interlocuci\u00f3n del rector, pero que \u00abel grupo beligerante\u00bb no est\u00e1 dispuesto a dialogar.<\/p>\n\n\n\n<p>Fue el pasado 19 de mayo cuando inici\u00f3 la protesta en esta facultad de la UABJO en ciudad universitaria. Desde entonces, el grupo inconforme exige la destituci\u00f3n de la directora y la desintegraci\u00f3n del consejo t\u00e9cnico.&nbsp;<\/p>\n\n\n\n<p>Esto previo a las nuevas elecciones de la direcci\u00f3n de la facultad y de la rector\u00eda para el pr\u00f3ximo a\u00f1o.<\/p>\n","protected":false},"excerpt":{"rendered":"<p>Lisbeth Mej\u00eda Reyes\/Zona Roja. Oaxaca, Oax., a 6 de junio de 2025.- El conflicto en&hellip;<\/p>\n","protected":false},"author":2,"featured_media":80493,"comment_status":"closed","ping_status":"open","sticky":false,"template":"","format":"standard","meta":{"_lmt_disableupdate":"","_lmt_disable":"","_jetpack_memberships_contains_paid_content":false,"footnotes":""},"categories":[109,47],"tags":[239],"class_list":["post-81061","post","type-post","status-publish","format-standard","has-post-thumbnail","hentry","category-minuto-a-minuto","category-zona-gris","tag-uabjo"],"jetpack_featured_media_url":"https:\/\/zonaroja.com.mx\/wp-content\/uploads\/2025\/05\/Facultad-de-Derecho-y-Ciencias-Sociales.jpg","jetpack_sharing_enabled":true,"_links":{"self":[{"href":"https:\/\/zonaroja.com.mx\/index.php?rest_route=\/wp\/v2\/posts\/81061","targetHints":{"allow":["GET"]}}],"collection":[{"href":"https:\/\/zonaroja.com.mx\/index.php?rest_route=\/wp\/v2\/posts"}],"about":[{"href":"https:\/\/zonaroja.com.mx\/index.php?rest_route=\/wp\/v2\/types\/post"}],"author":[{"embeddable":true,"href":"https:\/\/zonaroja.com.mx\/index.php?rest_route=\/wp\/v2\/users\/2"}],"replies":[{"embeddable":true,"href":"https:\/\/zonaroja.com.mx\/index.php?rest_route=%2Fwp%2Fv2%2Fcomments&post=81061"}],"version-history":[{"count":1,"href":"https:\/\/zonaroja.com.mx\/index.php?rest_route=\/wp\/v2\/posts\/81061\/revisions"}],"predecessor-version":[{"id":81062,"href":"https:\/\/zonaroja.com.mx\/index.php?rest_route=\/wp\/v2\/posts\/81061\/revisions\/81062"}],"wp:featuredmedia":[{"embeddable":true,"href":"https:\/\/zonaroja.com.mx\/index.php?rest_route=\/wp\/v2\/media\/80493"}],"wp:attachment":[{"href":"https:\/\/zonaroja.com.mx\/index.php?rest_route=%2Fwp%2Fv2%2Fmedia&parent=81061"}],"wp:term":[{"taxonomy":"category","embeddable":true,"href":"https:\/\/zonaroja.com.mx\/index.php?rest_route=%2Fwp%2Fv2%2Fcategories&post=81061"},{"taxonomy":"post_tag","embeddable":true,"href":"https:\/\/zonaroja.com.mx\/index.php?rest_route=%2Fwp%2Fv2%2Ftags&post=81061"}],"curies":[{"name":"wp","href":"https:\/\/api.w.org\/{rel}","templated":true}]}}