{"id":81063,"date":"2025-06-06T10:00:00","date_gmt":"2025-06-06T16:00:00","guid":{"rendered":"https:\/\/zonaroja.com.mx\/?p=81063"},"modified":"2025-06-06T07:35:50","modified_gmt":"2025-06-06T13:35:50","slug":"anulados-el-24-3-de-votos-de-eleccion-judicial-en-oaxaca","status":"publish","type":"post","link":"https:\/\/zonaroja.com.mx\/?p=81063","title":{"rendered":"Anulados, el 24.3% de votos de elecci\u00f3n judicial en Oaxaca\u00a0"},"content":{"rendered":"\n<p>Redacci\u00f3n\/Estado 20.<\/p>\n\n\n\n<p>Oaxaca, Oax., a 6 de junio de 2025.- Con el cien por ciento de las actas computadas de la elecci\u00f3n judicial del pasado 1 de junio, el Programa de Resultados Electorales Preliminares (PREP) arroj\u00f3 que en Oaxaca votaron un total de 503 mil 793 personas y que el 24.3% de los votos fueron nulos.<\/p>\n\n\n\n<p>Los resultados tambi\u00e9n mostraron que el porcentaje de participaci\u00f3n ciudadana fue mayor al registrado a nivel nacional, con una participaci\u00f3n del 16.09 por ciento. En promedio, por cada distrito electoral de Oaxaca votaron 50 mil 379 personas.<\/p>\n\n\n\n<p>La mayor participaci\u00f3n ciudadana se registr\u00f3 en el distrito electoral de Ciudad Ixtepec con el 20.4% del padr\u00f3n electoral; en el distrito de Tlaxiaco fue del 18.5%, en Oaxaca de Ju\u00e1rez del 16.7%, en Salina Cruz del 16.3%, en San Juan Bautista Tuxtepec del 16.1%, en Teotitl\u00e1n de Flores Mag\u00f3n del 16.1%, en Miahuatl\u00e1n de Porfirio D\u00edaz del 15.6% y en Tlacolula de Matamoros del 15.1%.<\/p>\n\n\n\n<p>Mientras que en los distritos electorales donde se registr\u00f3 el menor porcentaje de votaci\u00f3n fueron Huajuapan de Le\u00f3n con el 13.5% y Puerto Escondido con el 12.6%.<\/p>\n\n\n\n<p>Los votos v\u00e1lidos ascendieron a tres millones 649 mil 412, los votos nulos 357 mil 707 que representaron el 9.8 por ciento y 531 mil 9 recuadros no utilizados que representaron el 14.55%; es decir, el 24.3 por ciento de los votos fueron anulados o en n\u00fameros absolutos 888 mil 716.<\/p>\n\n\n\n<p>En los 10 distritos electorales federales encabezaron la votaci\u00f3n Hugo Aguilar Ortiz y Lenia Batres Guadarrama.<\/p>\n","protected":false},"excerpt":{"rendered":"<p>Redacci\u00f3n\/Estado 20. Oaxaca, Oax., a 6 de junio de 2025.- Con el cien por ciento&hellip;<\/p>\n","protected":false},"author":2,"featured_media":81064,"comment_status":"closed","ping_status":"open","sticky":false,"template":"","format":"standard","meta":{"_lmt_disableupdate":"","_lmt_disable":"","_jetpack_memberships_contains_paid_content":false,"footnotes":""},"categories":[109,47],"tags":[4291],"class_list":["post-81063","post","type-post","status-publish","format-standard","has-post-thumbnail","hentry","category-minuto-a-minuto","category-zona-gris","tag-eleccion-judicial-mexico"],"jetpack_featured_media_url":"https:\/\/zonaroja.com.mx\/wp-content\/uploads\/2025\/06\/Eleccion-judicial-Oaxaca.jpg","jetpack_sharing_enabled":true,"_links":{"self":[{"href":"https:\/\/zonaroja.com.mx\/index.php?rest_route=\/wp\/v2\/posts\/81063","targetHints":{"allow":["GET"]}}],"collection":[{"href":"https:\/\/zonaroja.com.mx\/index.php?rest_route=\/wp\/v2\/posts"}],"about":[{"href":"https:\/\/zonaroja.com.mx\/index.php?rest_route=\/wp\/v2\/types\/post"}],"author":[{"embeddable":true,"href":"https:\/\/zonaroja.com.mx\/index.php?rest_route=\/wp\/v2\/users\/2"}],"replies":[{"embeddable":true,"href":"https:\/\/zonaroja.com.mx\/index.php?rest_route=%2Fwp%2Fv2%2Fcomments&post=81063"}],"version-history":[{"count":1,"href":"https:\/\/zonaroja.com.mx\/index.php?rest_route=\/wp\/v2\/posts\/81063\/revisions"}],"predecessor-version":[{"id":81065,"href":"https:\/\/zonaroja.com.mx\/index.php?rest_route=\/wp\/v2\/posts\/81063\/revisions\/81065"}],"wp:featuredmedia":[{"embeddable":true,"href":"https:\/\/zonaroja.com.mx\/index.php?rest_route=\/wp\/v2\/media\/81064"}],"wp:attachment":[{"href":"https:\/\/zonaroja.com.mx\/index.php?rest_route=%2Fwp%2Fv2%2Fmedia&parent=81063"}],"wp:term":[{"taxonomy":"category","embeddable":true,"href":"https:\/\/zonaroja.com.mx\/index.php?rest_route=%2Fwp%2Fv2%2Fcategories&post=81063"},{"taxonomy":"post_tag","embeddable":true,"href":"https:\/\/zonaroja.com.mx\/index.php?rest_route=%2Fwp%2Fv2%2Ftags&post=81063"}],"curies":[{"name":"wp","href":"https:\/\/api.w.org\/{rel}","templated":true}]}}