{"id":81079,"date":"2025-06-06T19:17:19","date_gmt":"2025-06-07T01:17:19","guid":{"rendered":"https:\/\/zonaroja.com.mx\/?p=81079"},"modified":"2025-06-06T19:17:22","modified_gmt":"2025-06-07T01:17:22","slug":"cineasta-oaxaqueno-estrenara-su-documental-en-festival-internacional-de-cine","status":"publish","type":"post","link":"https:\/\/zonaroja.com.mx\/?p=81079","title":{"rendered":"Cineasta oaxaque\u00f1o estrenar\u00e1 su documental en Festival Internacional de Cine"},"content":{"rendered":"\n<p>Lisbeth Mej\u00eda Reyes\/Zona Roja. Fotos: Cortes\u00eda&nbsp;<\/p>\n\n\n\n<p>Oaxaca, Oax., a 6 de junio de 2025.- El cineasta oaxaque\u00f1o Yovegami Ascona Mora estrenar\u00e1 su documental \u00abBoca Vieja\u00bb en la edici\u00f3n 40 del Festival Internacional de Cine de Guadalajara (FICG), que se realiza del 6 al 14 de junio. La pel\u00edcula es su \u00f3pera prima (primer largometraje) y cuenta la historia de un pueblo de la costa oaxaque\u00f1a que cada a\u00f1o se enfrenta y adapta a las inclemencias del tiempo. \u00abTodo esto permeado por la amenaza latente del despojo de su territorio\u00bb.<\/p>\n\n\n\n<p>Con esta producci\u00f3n, el director tambi\u00e9n competir\u00e1 por el Premio Mezcal, que se disputan otras nueve producciones nacionales de ficci\u00f3n y documental, cuenta el tambi\u00e9n director de los cortometrajes \u00abM\u00eb\u00ebt Naax\u00bb (2014) y \u00abLos que est\u00e1n por nacer\u201d (2018), que abordan historias de su pueblo natal: San Juan Guichicovi, regi\u00f3n Istmo de Tehuantepec.<\/p>\n\n\n\n<p>El documental \u00abBoca Vieja\u00bb conecta a Ascona Mora con sus ra\u00edces maternas, pues se desarrolla en Bajos de Coyula y la playa de este, Boca Vieja.<\/p>\n\n\n\n<p>La pel\u00edcula de 85 minutos de duraci\u00f3n fue desarrollada por un equipo mayormente oaxaque\u00f1o y comenz\u00f3 a grabarse en el a\u00f1o 2020, por lo que enfrent\u00f3 retos por la pandemia de Covid-19. Sin embargo, logr\u00f3 realizarse con el apoyo de la poblaci\u00f3n, adem\u00e1s de diversos est\u00edmulos del Instituto Mexicano de Cinematograf\u00eda, IMCINE, cuenta el director.<\/p>\n\n\n\n<p>En el Festival Internacional de Cine de Guadalajara, la pel\u00edcula se proyectar\u00e1 los d\u00edas 8 y 9 de junio. Despu\u00e9s seguir\u00e1 por otros festivales, aunque parte importante de su camino de proyecciones es una funci\u00f3n en la comunidad de origen del mismo, la cual se espera concretar en este a\u00f1o.<\/p>\n\n\n\n<p>\u00abEstamos compitiendo por el premio que otorga el festival, pero ya estar dentro del festival, que es muy reconocido y que en este a\u00f1o cumple 40 a\u00f1os, es un gran logro para la pel\u00edcula\u00bb, se\u00f1ala Ascona Mora, quien considera que actualmente hay mayor apertura en cuanto a apoyos para el cine mexicano. Adem\u00e1s de un gran \u00edmpetu por contar historias a trav\u00e9s del cine documental.<\/p>\n\n\n\n<p>\u00abCreo que a nivel de pol\u00edticas p\u00fablicas ya ha habido una apertura, pero que no se dio de la noche a la ma\u00f1ana. Es una historia de lucha de gente de atr\u00e1s que pele\u00f3, que defendi\u00f3, que levant\u00f3 la voz para que se diversifique el cine mexicano\u00bb.&nbsp;<\/p>\n\n\n\n<p>Antes del Festival Internacional de Cine de Guadalajara, la pel\u00edcula ha sido seleccionada en talleres y espacios cinematogr\u00e1ficos como la Residencia Zanate, Impulso Morelia del Festival de Cine de Morelia y en el Mercado de Cine de la Berlinale.&nbsp;<\/p>\n","protected":false},"excerpt":{"rendered":"<p>Lisbeth Mej\u00eda Reyes\/Zona Roja. Fotos: Cortes\u00eda&nbsp; Oaxaca, Oax., a 6 de junio de 2025.- El&hellip;<\/p>\n","protected":false},"author":2,"featured_media":81080,"comment_status":"closed","ping_status":"open","sticky":false,"template":"","format":"standard","meta":{"_lmt_disableupdate":"","_lmt_disable":"","_jetpack_memberships_contains_paid_content":false,"footnotes":""},"categories":[109,46],"tags":[4326],"class_list":["post-81079","post","type-post","status-publish","format-standard","has-post-thumbnail","hentry","category-minuto-a-minuto","category-zona-blanca","tag-yovegami-ascona-mora"],"jetpack_featured_media_url":"https:\/\/zonaroja.com.mx\/wp-content\/uploads\/2025\/06\/Yovegami-AScona-Mora-cineasta.jpg","jetpack_sharing_enabled":true,"_links":{"self":[{"href":"https:\/\/zonaroja.com.mx\/index.php?rest_route=\/wp\/v2\/posts\/81079","targetHints":{"allow":["GET"]}}],"collection":[{"href":"https:\/\/zonaroja.com.mx\/index.php?rest_route=\/wp\/v2\/posts"}],"about":[{"href":"https:\/\/zonaroja.com.mx\/index.php?rest_route=\/wp\/v2\/types\/post"}],"author":[{"embeddable":true,"href":"https:\/\/zonaroja.com.mx\/index.php?rest_route=\/wp\/v2\/users\/2"}],"replies":[{"embeddable":true,"href":"https:\/\/zonaroja.com.mx\/index.php?rest_route=%2Fwp%2Fv2%2Fcomments&post=81079"}],"version-history":[{"count":1,"href":"https:\/\/zonaroja.com.mx\/index.php?rest_route=\/wp\/v2\/posts\/81079\/revisions"}],"predecessor-version":[{"id":81081,"href":"https:\/\/zonaroja.com.mx\/index.php?rest_route=\/wp\/v2\/posts\/81079\/revisions\/81081"}],"wp:featuredmedia":[{"embeddable":true,"href":"https:\/\/zonaroja.com.mx\/index.php?rest_route=\/wp\/v2\/media\/81080"}],"wp:attachment":[{"href":"https:\/\/zonaroja.com.mx\/index.php?rest_route=%2Fwp%2Fv2%2Fmedia&parent=81079"}],"wp:term":[{"taxonomy":"category","embeddable":true,"href":"https:\/\/zonaroja.com.mx\/index.php?rest_route=%2Fwp%2Fv2%2Fcategories&post=81079"},{"taxonomy":"post_tag","embeddable":true,"href":"https:\/\/zonaroja.com.mx\/index.php?rest_route=%2Fwp%2Fv2%2Ftags&post=81079"}],"curies":[{"name":"wp","href":"https:\/\/api.w.org\/{rel}","templated":true}]}}