{"id":81082,"date":"2025-06-06T20:16:01","date_gmt":"2025-06-07T02:16:01","guid":{"rendered":"https:\/\/zonaroja.com.mx\/?p=81082"},"modified":"2025-06-06T20:16:03","modified_gmt":"2025-06-07T02:16:03","slug":"la-cnte-advierte-que-acudira-a-cada-evento-de-sheinbaum-para-forzar-dialogo","status":"publish","type":"post","link":"https:\/\/zonaroja.com.mx\/?p=81082","title":{"rendered":"La CNTE advierte que acudir\u00e1 a cada evento de Sheinbaum para forzar di\u00e1logo"},"content":{"rendered":"\n<p>Redacci\u00f3n\/Zona Roja Cdmx.<\/p>\n\n\n\n<p>Ciudad de M\u00e9xico, a 6 de junio de 2025.- Despu\u00e9s de 21 d\u00edas de movilizaciones en la Ciudad de M\u00e9xico y distintos estados, algunos integrantes de la Coordinadora Nacional de Trabajadores de la Educaci\u00f3n (CNTE) ya se han se retirado del z\u00f3calo capitalino, sin embargo los dem\u00e1s contingentes aseguran que no dejar\u00e1n la lucha.<\/p>\n\n\n\n<p>Distintos voceros e integrantes se\u00f1alan que no abandonar\u00e1n la lucha, simplemente se est\u00e1n reorganizando y aseguran que acudir\u00e1n a cada evento de la presidenta Claudia Sheinbaum, con el objetivo de lograr el di\u00e1logo, aunque sea por medio de presiones.<\/p>\n\n\n\n<p>Algunos miembros de la Secci\u00f3n 7 de la CNTE de Chiapas, por otra parte, se\u00f1alaron que reanudar\u00e1n las clases el pr\u00f3ximo lunes, mientras se reorganizan para retomar la lucha.<\/p>\n\n\n\n<p>Con un movimiento ahora polarizado, por una parte, cientos de maestros emprendieron el camino desde ayer, para regresar a sus casas, mientras que otros contingentes como la Coordinadora Estatal de Trabajadores de la Educaci\u00f3n de Guerrero (CETEG) se manifiestan de maneras cada vez m\u00e1s agresivas, en la exigencia que sean aceptadas sus peticiones.<\/p>\n\n\n\n<p>Tan s\u00f3lo el d\u00eda de ayer se manifestaron en las oficinas de Pensionissste, antier intentaron entrar a la Secretar\u00eda de Gobernaci\u00f3n, mientras que hoy se congregaron en las afueras de la Secretar\u00eda del Bienestar.<\/p>\n\n\n\n<p>Durante semanas, el gremio magisterial ha buscado un encuentro con Claudia Sheinbaum, sin embargo a pesar de que el Gobierno Federal asegura que est\u00e1 abierto al di\u00e1logo, las reuniones solo se realizaron mediante los titulares de las secretar\u00edas de Educaci\u00f3n y de Gobernaci\u00f3n.<\/p>\n\n\n\n<p>Pese a que el gobierno si ofreci\u00f3 una respuesta, los maestros la rechazaron, ya que, de acuerdo con ellos no ha habido cambios en dicha propuesta, que \u201cno resuelve su pliego petitorio\u201d.<\/p>\n\n\n\n<p>Los maestros que permanecen en el plant\u00f3n ubicado en la Plaza de la Constituci\u00f3n del z\u00f3calo capitalino aseguran y amenazan con hacer presi\u00f3n a Sheinbaum y declararon que buscar\u00e1n una oportunidad para reunirse aunque sea de manera no oficial.<\/p>\n\n\n\n<p>Por parte de los funcionarios, Rosa Icela Rodr\u00edguez, secretaria de Gobernaci\u00f3n; Mario Delgado Carrillo, secretario de Educaci\u00f3n y Mart\u00ed Batres, titular del ISSSTE, han seguido la l\u00ednea de Claudia Sheinbaum y han insistido en que llegar\u00e1n a acuerdos mediante el di\u00e1logo, m\u00e1s no por el camino de la violencia.<\/p>\n\n\n\n<p>Por una parte los maestros alegan no haber sido escuchados en sus demandas, mientras que las autoridades aseguran que no ha habido represi\u00f3n violenta, sin que ninguna de las partes involucradas ceda en sus posturas.<\/p>\n\n\n\n<p>(Informaci\u00f3n de Infobae M\u00e9xico)<\/p>\n","protected":false},"excerpt":{"rendered":"<p>Redacci\u00f3n\/Zona Roja Cdmx. Ciudad de M\u00e9xico, a 6 de junio de 2025.- Despu\u00e9s de 21&hellip;<\/p>\n","protected":false},"author":2,"featured_media":81083,"comment_status":"closed","ping_status":"open","sticky":false,"template":"","format":"standard","meta":{"_lmt_disableupdate":"","_lmt_disable":"","_jetpack_memberships_contains_paid_content":false,"footnotes":""},"categories":[109,47],"tags":[1283,312],"class_list":["post-81082","post","type-post","status-publish","format-standard","has-post-thumbnail","hentry","category-minuto-a-minuto","category-zona-gris","tag-coordinadora-nacional-de-trabajadores-de-la-educacion-cnte","tag-seccion-22-del-snte"],"jetpack_featured_media_url":"https:\/\/zonaroja.com.mx\/wp-content\/uploads\/2025\/06\/IMG_6106.jpg","jetpack_sharing_enabled":true,"_links":{"self":[{"href":"https:\/\/zonaroja.com.mx\/index.php?rest_route=\/wp\/v2\/posts\/81082","targetHints":{"allow":["GET"]}}],"collection":[{"href":"https:\/\/zonaroja.com.mx\/index.php?rest_route=\/wp\/v2\/posts"}],"about":[{"href":"https:\/\/zonaroja.com.mx\/index.php?rest_route=\/wp\/v2\/types\/post"}],"author":[{"embeddable":true,"href":"https:\/\/zonaroja.com.mx\/index.php?rest_route=\/wp\/v2\/users\/2"}],"replies":[{"embeddable":true,"href":"https:\/\/zonaroja.com.mx\/index.php?rest_route=%2Fwp%2Fv2%2Fcomments&post=81082"}],"version-history":[{"count":1,"href":"https:\/\/zonaroja.com.mx\/index.php?rest_route=\/wp\/v2\/posts\/81082\/revisions"}],"predecessor-version":[{"id":81084,"href":"https:\/\/zonaroja.com.mx\/index.php?rest_route=\/wp\/v2\/posts\/81082\/revisions\/81084"}],"wp:featuredmedia":[{"embeddable":true,"href":"https:\/\/zonaroja.com.mx\/index.php?rest_route=\/wp\/v2\/media\/81083"}],"wp:attachment":[{"href":"https:\/\/zonaroja.com.mx\/index.php?rest_route=%2Fwp%2Fv2%2Fmedia&parent=81082"}],"wp:term":[{"taxonomy":"category","embeddable":true,"href":"https:\/\/zonaroja.com.mx\/index.php?rest_route=%2Fwp%2Fv2%2Fcategories&post=81082"},{"taxonomy":"post_tag","embeddable":true,"href":"https:\/\/zonaroja.com.mx\/index.php?rest_route=%2Fwp%2Fv2%2Ftags&post=81082"}],"curies":[{"name":"wp","href":"https:\/\/api.w.org\/{rel}","templated":true}]}}