{"id":81085,"date":"2025-06-06T21:54:14","date_gmt":"2025-06-07T03:54:14","guid":{"rendered":"https:\/\/zonaroja.com.mx\/?p=81085"},"modified":"2025-06-06T21:54:15","modified_gmt":"2025-06-07T03:54:15","slug":"catean-domicilio-en-cuilapam-de-guerrero-hallan-droga-y-detienen-a-tres","status":"publish","type":"post","link":"https:\/\/zonaroja.com.mx\/?p=81085","title":{"rendered":"Catean domicilio en Cuil\u00e1pam de Guerrero; hallan droga y detienen a tres\u00a0"},"content":{"rendered":"\n<p>Redacci\u00f3n\/Zona Roja.&nbsp;<\/p>\n\n\n\n<p>Oaxaca, Oax.&nbsp;A 7 de junio de 2025.- La Fiscal\u00eda General del Estado de Oaxaca (FGEO) ejecut\u00f3 una orden de cateo en la regi\u00f3n de los Valles Centrales, derivado de la cual se logr\u00f3 la detenci\u00f3n de tres personas -una mujer y dos hombres-, por el delito contra la salud en agravio de la sociedad.<\/p>\n\n\n\n<p>El operativo judicial se realiz\u00f3 en un domicilio ubicado en el callej\u00f3n del Mirto, perteneciente al municipio de Cuil\u00e1pam de Guerrero, la acci\u00f3n fue ejecutada a trav\u00e9s de la Fiscal\u00eda Especializada en Delitos de Alto Impacto en coordinaci\u00f3n con la Agencia Estatal de Investigaciones (AEI).<\/p>\n\n\n\n<p>Como resultado del operativo policial, se logr\u00f3 el aseguramiento de diversas dosis de drogas con caracter\u00edsticas similares a la marihuana, coca\u00edna y cristal, as\u00ed como la detenci\u00f3n A.J.R.Z. y M.A.R.R. (hombres) y D.L.Z.O., (mujer) quienes fueron puestos a disposici\u00f3n de la autoridad correspondiente.<\/p>\n\n\n\n<p>M\u00c1S DETENCIONES<\/p>\n\n\n\n<p>Por otra parte, la investigaci\u00f3n ministerial especializada en delitos de alto de impacto que realiza la Fiscal\u00eda General del Estado de Oaxaca (FGEO), as\u00ed como el trabajo de colaboraci\u00f3n interinstitucional con la Fiscal\u00eda General del Estado de Tabasco, permitieron ejecutar una orden de aprehensi\u00f3n en contra de dos personas del sexo femenino identificadas como A.A.T. y G.T.R., por el delito de desaparici\u00f3n de personas cometida por particulares, hechos suscitados en el estado de Tabasco.<\/p>\n\n\n\n<p>El mandato judicial deriva de un oficio de colaboraci\u00f3n por la desaparici\u00f3n de cuatro personas del sexo masculino -tres mayores de edad y un menor de 14 a\u00f1os, todos ellos de oficio mec\u00e1nico-, identificadas como N.D.C., G.M.P., J.G.O.R. y J.C.J., quienes fueron vistos por \u00faltima vez el 07 de mayo de 2025, al salir del taller donde laboraban, para realizar una reparaci\u00f3n en la localidad de Palo Mulato del municipio de Huimanguillo, Tabasco.<\/p>\n\n\n\n<p>Tras d\u00edas de b\u00fasqueda y localizaci\u00f3n, el 14 de mayo de 2025, en jurisdicci\u00f3n de esa municipalidad, fueron localizados cuatro cuerpos sin vida, derivado de los estudios periciales se logr\u00f3 establecer que correspond\u00edan a las v\u00edctimas reportadas como desaparecidas.<\/p>\n\n\n\n<p>Una vez que la FGEO tom\u00f3 conocimiento del hecho, remiti\u00f3 dichas labores a la Vicefiscal\u00eda Regional de la Cuenca, la cual realiz\u00f3 los trabajos necesarios con los que se estableci\u00f3 el paradero de A.A.T. y G.T.R., quienes fueron detenidas durante un operativo implementado en inmediaciones de la colonia Barbasco del municipio de Acatl\u00e1n de P\u00e9rez Figueroa, despliegue realizado por la elementos de la Agencia Estatal de Investigaciones de Oaxaca, junto con elementos de Investigaci\u00f3n del estado de Tabasco y la Secretar\u00eda de Seguridad y Protecci\u00f3n Ciudadana de M\u00e9xico.<\/p>\n\n\n\n<p>La investigaci\u00f3n revela que, A.A.T. y G.T.R., probablemente estar\u00edan relacionadas en la desaparici\u00f3n de las v\u00edctimas, pues A.A.T., fue quien solicit\u00f3 el servicio al mec\u00e1nico automotriz para reparar la unidad de motor, propiedad de G.T.R.<\/p>\n\n\n\n<p>Tras la ejecuci\u00f3n de la orden de aprehensi\u00f3n por el delito de desaparici\u00f3n de personas cometida por particulares en contra de A.A.T. y G.T.R., se iniciaron los tr\u00e1mites legales pertinentes para su traslado al estado de Tabasco y con ello, ponerlas a disposici\u00f3n de la autoridad ministerial correspondiente para determinar su situaci\u00f3n jur\u00eddica.<\/p>\n","protected":false},"excerpt":{"rendered":"<p>Redacci\u00f3n\/Zona Roja.&nbsp; Oaxaca, Oax.&nbsp;A 7 de junio de 2025.- La Fiscal\u00eda General del Estado de&hellip;<\/p>\n","protected":false},"author":2,"featured_media":81086,"comment_status":"closed","ping_status":"open","sticky":false,"template":"","format":"standard","meta":{"_lmt_disableupdate":"","_lmt_disable":"","_jetpack_memberships_contains_paid_content":false,"footnotes":""},"categories":[109,46],"tags":[494],"class_list":["post-81085","post","type-post","status-publish","format-standard","has-post-thumbnail","hentry","category-minuto-a-minuto","category-zona-blanca","tag-fiscalia-general-del-estado-de-oaxaca"],"jetpack_featured_media_url":"https:\/\/zonaroja.com.mx\/wp-content\/uploads\/2025\/06\/Detenidos-Fiscalia-Cuilapam.jpg","jetpack_sharing_enabled":true,"_links":{"self":[{"href":"https:\/\/zonaroja.com.mx\/index.php?rest_route=\/wp\/v2\/posts\/81085","targetHints":{"allow":["GET"]}}],"collection":[{"href":"https:\/\/zonaroja.com.mx\/index.php?rest_route=\/wp\/v2\/posts"}],"about":[{"href":"https:\/\/zonaroja.com.mx\/index.php?rest_route=\/wp\/v2\/types\/post"}],"author":[{"embeddable":true,"href":"https:\/\/zonaroja.com.mx\/index.php?rest_route=\/wp\/v2\/users\/2"}],"replies":[{"embeddable":true,"href":"https:\/\/zonaroja.com.mx\/index.php?rest_route=%2Fwp%2Fv2%2Fcomments&post=81085"}],"version-history":[{"count":1,"href":"https:\/\/zonaroja.com.mx\/index.php?rest_route=\/wp\/v2\/posts\/81085\/revisions"}],"predecessor-version":[{"id":81087,"href":"https:\/\/zonaroja.com.mx\/index.php?rest_route=\/wp\/v2\/posts\/81085\/revisions\/81087"}],"wp:featuredmedia":[{"embeddable":true,"href":"https:\/\/zonaroja.com.mx\/index.php?rest_route=\/wp\/v2\/media\/81086"}],"wp:attachment":[{"href":"https:\/\/zonaroja.com.mx\/index.php?rest_route=%2Fwp%2Fv2%2Fmedia&parent=81085"}],"wp:term":[{"taxonomy":"category","embeddable":true,"href":"https:\/\/zonaroja.com.mx\/index.php?rest_route=%2Fwp%2Fv2%2Fcategories&post=81085"},{"taxonomy":"post_tag","embeddable":true,"href":"https:\/\/zonaroja.com.mx\/index.php?rest_route=%2Fwp%2Fv2%2Ftags&post=81085"}],"curies":[{"name":"wp","href":"https:\/\/api.w.org\/{rel}","templated":true}]}}