{"id":81088,"date":"2025-06-07T08:45:00","date_gmt":"2025-06-07T14:45:00","guid":{"rendered":"https:\/\/zonaroja.com.mx\/?p=81088"},"modified":"2025-06-07T06:23:45","modified_gmt":"2025-06-07T12:23:45","slug":"la-oea-recomienda-no-replicar-el-modelo-de-eleccion-judicial-mexicana","status":"publish","type":"post","link":"https:\/\/zonaroja.com.mx\/?p=81088","title":{"rendered":"La OEA recomienda no replicar el modelo de elecci\u00f3n judicial mexicana"},"content":{"rendered":"\n<p>Redacci\u00f3n\/Zona Roja Cdmx.<\/p>\n\n\n\n<p>Ciudad de M\u00e9xico, a 7 de junio de 2025.- La Misi\u00f3n de Observaci\u00f3n Electoral (MOE) de la Organizaci\u00f3n de los Estados Americanos (OEA) recomend\u00f3&nbsp; no replicar el modelo mexicano de elecci\u00f3n judicial en otros pa\u00edses de la regi\u00f3n, tras constatar m\u00faltiples problemas en el primer proceso de este tipo en M\u00e9xico, en el que participaron apenas el 13 por ciento de los electores.<\/p>\n\n\n\n<p>En su informe preliminar sobre dichos comicios realizados el 1 de junio, la misi\u00f3n afirm\u00f3 que este modelo no tiene precedentes a nivel mundial y que lejos de fortalecer la justicia, podr\u00eda debilitar su imparcialidad, independencia y eficacia.<\/p>\n\n\n\n<p>La Misi\u00f3n no recomienda que este modelo de selecci\u00f3n de jueces se replique para otros pa\u00edses de la regi\u00f3n\u201d, se\u00f1ala el documento, que tambi\u00e9n cuestiona la idoneidad de los perfiles de los candidatos, al no haberse aplicado ex\u00e1menes estandarizados en los procesos de selecci\u00f3n.<\/p>\n\n\n\n<p>El domingo 1 de junio se llevaron a cabo en M\u00e9xico las primeras elecciones de m\u00e1s de 880 cargos judiciales federales, entre los que se eligi\u00f3 a nueve ministros de la Suprema Corte de Justicia de la Naci\u00f3n (SCJN), resultado de una reforma constitucional del expresidente Andr\u00e9s Manuel L\u00f3pez Obrador (2018-2024).<\/p>\n\n\n\n<p>Los primeros resultados de la in\u00e9dita elecci\u00f3n judicial apunta a que el oficialismo controlar\u00e1 las principales instancias del nuevo Poder Judicial, con candidatos afines dominando los puestos en la Suprema Corte y el reci\u00e9n creado Tribunal de Disciplina Judicial .<\/p>\n\n\n\n<p>BAJA PARTICIPACI\u00d3N<\/p>\n\n\n\n<p>Adem\u00e1s, el organismo transmiti\u00f3 su preocupaci\u00f3n ante los votos nulos y no marcados, que representaron el 10.80 por ciento de la elecci\u00f3n y estipul\u00f3 que se debi\u00f3 al plazo tan breve en el que se desarrollaron estos comicios.<\/p>\n\n\n\n<p>Aunque la campa\u00f1a de las in\u00e9ditas elecciones judiciales cont\u00f3 con la difusi\u00f3n por parte de los candidatos y el Instituto Nacional Electoral (INE), la misi\u00f3n, integrada por 16 observadores, se\u00f1al\u00f3 que d\u00edas previos a la votaci\u00f3n se multiplicaron las denuncias debido al reparto de \u201cacordeones\u201d con listados de candidatos aconsejados para votar.<\/p>\n\n\n\n<p>De ser comprobada esta acci\u00f3n, la MOE en su informe expres\u00f3 su reprobaci\u00f3n al ser una \u201ccoacci\u00f3n al voto\u201d, por lo que el \u00f3rgano se mantendr\u00e1 al tanto de las investigaciones que deben llevar a cabo las autoridades competentes.<\/p>\n\n\n\n<p>Asimismo, advirti\u00f3 que este modelo incentiva que las decisiones judiciales se tomen con fines electorales y no en criterios t\u00e9cnicos, al permitir la reelecci\u00f3n y establecer mandatos de nueve a\u00f1os para jueces de distrito y magistrados de circuito.<\/p>\n\n\n\n<p>\u201cLa falta de estabilidad en el cargo podr\u00eda afectar el accionar independiente de los operadores de justicia y que la necesidad de reelegirse podr\u00eda llevar a los jueces y juezas a fallar de acuerdo con lo que estiman que son las preferencias de su electorado y no con base en criterios jur\u00eddicos\u201d, apunt\u00f3.<\/p>\n\n\n\n<p>En cuanto a la composici\u00f3n de la nueva Suprema Corte de Justicia, la MOE destac\u00f3 que seis de los nueve nuevos ministros fueron propuestos por una comisi\u00f3n del Ejecutivo y tres ya formaban parte de la Corte, lo que levanta dudas sobre la autonom\u00eda real del m\u00e1ximo tribunal.<\/p>\n\n\n\n<p>\u201cLa Misi\u00f3n tom\u00f3 nota de que organismos como la Organizaci\u00f3n de las Naciones Unidas (ONU) y la Comisi\u00f3n Interamericana de Derechos Humanos (CIDH) tambi\u00e9n expresaron sus preocupaciones sobre la compatibilidad de la reforma con los est\u00e1ndares internacionales de independencia judicial\u201d, consider\u00f3 el reporte.<\/p>\n\n\n\n<p>Para las pr\u00f3ximas elecciones judiciales, previstas para 2027, la OEA advirti\u00f3 que podr\u00edan coincidir con los comicios en todo el pa\u00eds y, de no modificarse el calendario electoral, aumentar\u00eda el riesgo de influencias partidistas.<\/p>\n\n\n\n<p>(Con informaci\u00f3n de EFE, en L\u00f3pez-D\u00f3riga Digital)<\/p>\n","protected":false},"excerpt":{"rendered":"<p>Redacci\u00f3n\/Zona Roja Cdmx. Ciudad de M\u00e9xico, a 7 de junio de 2025.- La Misi\u00f3n de&hellip;<\/p>\n","protected":false},"author":2,"featured_media":81089,"comment_status":"closed","ping_status":"open","sticky":false,"template":"","format":"standard","meta":{"_lmt_disableupdate":"","_lmt_disable":"","_jetpack_memberships_contains_paid_content":false,"footnotes":""},"categories":[109,47],"tags":[4291],"class_list":["post-81088","post","type-post","status-publish","format-standard","has-post-thumbnail","hentry","category-minuto-a-minuto","category-zona-gris","tag-eleccion-judicial-mexico"],"jetpack_featured_media_url":"https:\/\/zonaroja.com.mx\/wp-content\/uploads\/2025\/06\/Eleccion-judicial-Mexico.webp","jetpack_sharing_enabled":true,"_links":{"self":[{"href":"https:\/\/zonaroja.com.mx\/index.php?rest_route=\/wp\/v2\/posts\/81088","targetHints":{"allow":["GET"]}}],"collection":[{"href":"https:\/\/zonaroja.com.mx\/index.php?rest_route=\/wp\/v2\/posts"}],"about":[{"href":"https:\/\/zonaroja.com.mx\/index.php?rest_route=\/wp\/v2\/types\/post"}],"author":[{"embeddable":true,"href":"https:\/\/zonaroja.com.mx\/index.php?rest_route=\/wp\/v2\/users\/2"}],"replies":[{"embeddable":true,"href":"https:\/\/zonaroja.com.mx\/index.php?rest_route=%2Fwp%2Fv2%2Fcomments&post=81088"}],"version-history":[{"count":1,"href":"https:\/\/zonaroja.com.mx\/index.php?rest_route=\/wp\/v2\/posts\/81088\/revisions"}],"predecessor-version":[{"id":81090,"href":"https:\/\/zonaroja.com.mx\/index.php?rest_route=\/wp\/v2\/posts\/81088\/revisions\/81090"}],"wp:featuredmedia":[{"embeddable":true,"href":"https:\/\/zonaroja.com.mx\/index.php?rest_route=\/wp\/v2\/media\/81089"}],"wp:attachment":[{"href":"https:\/\/zonaroja.com.mx\/index.php?rest_route=%2Fwp%2Fv2%2Fmedia&parent=81088"}],"wp:term":[{"taxonomy":"category","embeddable":true,"href":"https:\/\/zonaroja.com.mx\/index.php?rest_route=%2Fwp%2Fv2%2Fcategories&post=81088"},{"taxonomy":"post_tag","embeddable":true,"href":"https:\/\/zonaroja.com.mx\/index.php?rest_route=%2Fwp%2Fv2%2Ftags&post=81088"}],"curies":[{"name":"wp","href":"https:\/\/api.w.org\/{rel}","templated":true}]}}