{"id":81091,"date":"2025-06-07T07:45:00","date_gmt":"2025-06-07T13:45:00","guid":{"rendered":"https:\/\/zonaroja.com.mx\/?p=81091"},"modified":"2025-06-07T06:23:25","modified_gmt":"2025-06-07T12:23:25","slug":"demandan-periodista-y-familia-justicia-plena-tras-agresion-policial","status":"publish","type":"post","link":"https:\/\/zonaroja.com.mx\/?p=81091","title":{"rendered":"Demandan periodista y familia justicia plena, tras agresi\u00f3n policial"},"content":{"rendered":"\n<p>Redacci\u00f3n\/Estado 20.<\/p>\n\n\n\n<p>Oaxaca, Oax., a 7 de junio de 2025.- En v\u00edsperas de la conmemoraci\u00f3n del D\u00eda de la Libertad de Expresi\u00f3n, el periodista \u00c1lvaro Cuitl\u00e1huac y su familia, agredidos el pasado 7 de marzo por elementos de la Agencia Estatal de Investigaciones (AEI) en su domicilio, hicieron un llamado a las autoridades a garantizar el pleno respeto al ejercicio period\u00edstico.<\/p>\n\n\n\n<p>Durante su conferencia de prensa ayer en el z\u00f3calo, Cuitl\u00e1huac L\u00f3pez record\u00f3 que el pasado 7 de marzo fue v\u00edctima \u00e9l y su familia de una agresi\u00f3n perpetrada por agentes de investigaci\u00f3n cuando se encontraban en su domicilio, los hechos fueron documentados durante una transmisi\u00f3n en vivo que el mismo grab\u00f3.<\/p>\n\n\n\n<p>Asegur\u00f3 que, hasta la fecha despu\u00e9s de cuatro meses, las autoridades no han presentado la supuesta orden de cateo que justificara su actuar, y, se\u00f1al\u00f3 que los elementos responsables de la agresi\u00f3n contin\u00faan en funciones a pesar de que debieron haber sido cesados.<\/p>\n\n\n\n<p>\u201cLa agresi\u00f3n que sufr\u00ed junto con mi familia, no es un hecho aislado sino un reflejo de los riesgos que enfrentamos quienes ejercemos el periodismo en contextos adversos\u00bb expuso el reportero.<\/p>\n\n\n\n<p>\u00c1lvaro Cuitl\u00e1huac L\u00f3pez detall\u00f3 en conferencia los alcances de la recomendaci\u00f3n 09\/2025 emitida por la Defensor\u00eda de los Derechos Humanos del Pueblo de Oaxaca (DDHPO).<\/p>\n\n\n\n<p>Explic\u00f3 que el organismo resolvi\u00f3 que \u00e9l fue v\u00edctima de violaciones a sus derechos humanos relacionados con la inviolabilidad del domicilio, integridad y seguridad personal, uso indebido de la fuerza p\u00fablica, retenci\u00f3n ilegal y restricciones a la libertad de expresi\u00f3n, por elementos de la Agencia Estatal de Investigaciones.<\/p>\n\n\n\n<p>Lament\u00f3 que hasta el momento no se haya cumplido con la reparaci\u00f3n integral del da\u00f1o a las v\u00edctimas, incluyendo una compensaci\u00f3n justa, inscripci\u00f3n de las personas agraviadas en el Registro Estatal de V\u00edctimas, as\u00ed como un seguimiento y correcta integraci\u00f3n de la carpeta de investigaci\u00f3n.<\/p>\n\n\n\n<figure class=\"wp-block-embed is-type-rich is-provider-twitter wp-block-embed-twitter\"><div class=\"wp-block-embed__wrapper\">\n<div class=\"twitter-tweet\"><blockquote class=\"twitter-tweet\" data-lang=\"es\"><p lang=\"es\" dir=\"ltr\">\u00c9ste es el pronunciamiento del periodista \u00c1lvaro Cuitl\u00e1huac L\u00f3pez y su familia, que dieron a conocer este viernes en el z\u00f3calo de la ciudad de Oaxaca<br><br>Aunque si bien hay atenci\u00f3n por parte de la <a href=\"https:\/\/twitter.com\/FISCALIA_GobOax?ref_src=twsrc%5Etfw\">@FISCALIA_GobOax<\/a>, dijo que hasta el momento no se ha revelado la supuesta orden de\u2026 <a href=\"https:\/\/t.co\/ItzJ1aEWOi\">pic.twitter.com\/ItzJ1aEWOi<\/a><\/p>&mdash; Zona Roja Oaxaca (@ZonaRoja_Oaxaca) <a href=\"https:\/\/twitter.com\/ZonaRoja_Oaxaca\/status\/1931169491540459948?ref_src=twsrc%5Etfw\">7 de junio de 2025<\/a><\/blockquote><\/div>\n<\/div><\/figure>\n","protected":false},"excerpt":{"rendered":"<p>Redacci\u00f3n\/Estado 20. Oaxaca, Oax., a 7 de junio de 2025.- En v\u00edsperas de la conmemoraci\u00f3n&hellip;<\/p>\n","protected":false},"author":2,"featured_media":81092,"comment_status":"closed","ping_status":"open","sticky":false,"template":"","format":"standard","meta":{"_lmt_disableupdate":"","_lmt_disable":"","_jetpack_memberships_contains_paid_content":false,"footnotes":""},"categories":[109,46],"tags":[4239],"class_list":["post-81091","post","type-post","status-publish","format-standard","has-post-thumbnail","hentry","category-minuto-a-minuto","category-zona-blanca","tag-alvaro-cuitlahuac-lopez"],"jetpack_featured_media_url":"https:\/\/zonaroja.com.mx\/wp-content\/uploads\/2025\/06\/Alvaro-Cuitlahuac-periodista-conferencia.jpg","jetpack_sharing_enabled":true,"_links":{"self":[{"href":"https:\/\/zonaroja.com.mx\/index.php?rest_route=\/wp\/v2\/posts\/81091","targetHints":{"allow":["GET"]}}],"collection":[{"href":"https:\/\/zonaroja.com.mx\/index.php?rest_route=\/wp\/v2\/posts"}],"about":[{"href":"https:\/\/zonaroja.com.mx\/index.php?rest_route=\/wp\/v2\/types\/post"}],"author":[{"embeddable":true,"href":"https:\/\/zonaroja.com.mx\/index.php?rest_route=\/wp\/v2\/users\/2"}],"replies":[{"embeddable":true,"href":"https:\/\/zonaroja.com.mx\/index.php?rest_route=%2Fwp%2Fv2%2Fcomments&post=81091"}],"version-history":[{"count":1,"href":"https:\/\/zonaroja.com.mx\/index.php?rest_route=\/wp\/v2\/posts\/81091\/revisions"}],"predecessor-version":[{"id":81093,"href":"https:\/\/zonaroja.com.mx\/index.php?rest_route=\/wp\/v2\/posts\/81091\/revisions\/81093"}],"wp:featuredmedia":[{"embeddable":true,"href":"https:\/\/zonaroja.com.mx\/index.php?rest_route=\/wp\/v2\/media\/81092"}],"wp:attachment":[{"href":"https:\/\/zonaroja.com.mx\/index.php?rest_route=%2Fwp%2Fv2%2Fmedia&parent=81091"}],"wp:term":[{"taxonomy":"category","embeddable":true,"href":"https:\/\/zonaroja.com.mx\/index.php?rest_route=%2Fwp%2Fv2%2Fcategories&post=81091"},{"taxonomy":"post_tag","embeddable":true,"href":"https:\/\/zonaroja.com.mx\/index.php?rest_route=%2Fwp%2Fv2%2Ftags&post=81091"}],"curies":[{"name":"wp","href":"https:\/\/api.w.org\/{rel}","templated":true}]}}