{"id":81094,"date":"2025-06-07T09:32:00","date_gmt":"2025-06-07T15:32:00","guid":{"rendered":"https:\/\/zonaroja.com.mx\/?p=81094"},"modified":"2025-06-07T06:33:51","modified_gmt":"2025-06-07T12:33:51","slug":"matan-a-individuo-en-la-costa-machetean-a-uno-en-el-istmo","status":"publish","type":"post","link":"https:\/\/zonaroja.com.mx\/?p=81094","title":{"rendered":"Matan a individuo en la Costa; machetean a uno en el Istmo"},"content":{"rendered":"\n<p>Raymundo Morales\/Zona Roja.<\/p>\n\n\n\n<p>Oaxaca, Oax., a 7 de junio de 2025.- Una persona del sexo masculino fue asesinada ayer viernes por la tarde, en San Juan Cacahuatepec, regi\u00f3n Costa del estado.<\/p>\n\n\n\n<p>El crimen se perpetr\u00f3 en una vialidad del Barrio de la Cruz, donde los vecinos reportaron detonaciones de arma de fuego; al arribar los elementos policiacos, se percataron de la existencia de un cuerpo con varios impactos de bala.<\/p>\n\n\n\n<p>La v\u00edctima a\u00fan no ha sido identificada y la Fiscal\u00eda General del Estado de Oaxaca, a trav\u00e9s de la Vicefiscal\u00eda Regional de la Costa, contin\u00faa las investigaciones.<\/p>\n\n\n\n<p>Por otra parte, a un costado de la carretera Panamericana, tramo Santo Domingo Tehuantepec-Juchit\u00e1n de Zaragoza, una persona del sexo masculino fue agredida a machetazos.<\/p>\n\n\n\n<p>El cuerpo de la v\u00edctima, con severas lesiones, se hall\u00f3 a la altura del barrio Vixhana de Tehuantepec y fue atendido por param\u00e9dicos, quienes lo trasladaron a un hospital.<\/p>\n\n\n\n<p>Polic\u00edas municipales arribaron a la zona pero supuestamente no hallaron a ning\u00fan responsable, tras efectuar operativos de b\u00fasqueda.<\/p>\n\n\n\n<p>Mientras tanto, en Juchit\u00e1n de Zaragoza se efectu\u00f3 un fuerte operativo policiaco de corporaciones estatales y federales.<\/p>\n\n\n\n<p>De manera preliminar y extraoficial se dio a conocer que habr\u00edan encontrado fosas clandestinas con varios cuerpos en un domicilio de la avenida Oaxaca, en al Segunda Secci\u00f3n.<\/p>\n\n\n\n<p>Hasta el momento ni la Fiscal\u00eda General del Estado de Oaxaca ni la Secretar\u00eda de Seguridad y Protecci\u00f3n Ciudadana han emitido alg\u00fan mensaje.<\/p>\n","protected":false},"excerpt":{"rendered":"<p>Raymundo Morales\/Zona Roja. Oaxaca, Oax., a 7 de junio de 2025.- Una persona del sexo&hellip;<\/p>\n","protected":false},"author":2,"featured_media":69311,"comment_status":"closed","ping_status":"open","sticky":false,"template":"","format":"standard","meta":{"_lmt_disableupdate":"","_lmt_disable":"","_jetpack_memberships_contains_paid_content":false,"footnotes":""},"categories":[109,51],"tags":[1268],"class_list":["post-81094","post","type-post","status-publish","format-standard","has-post-thumbnail","hentry","category-minuto-a-minuto","category-zona-roja","tag-san-juan-cacahuatepec"],"jetpack_featured_media_url":"https:\/\/zonaroja.com.mx\/wp-content\/uploads\/2024\/06\/Escena-asesinato-crimen-violencia.jpeg","jetpack_sharing_enabled":true,"_links":{"self":[{"href":"https:\/\/zonaroja.com.mx\/index.php?rest_route=\/wp\/v2\/posts\/81094","targetHints":{"allow":["GET"]}}],"collection":[{"href":"https:\/\/zonaroja.com.mx\/index.php?rest_route=\/wp\/v2\/posts"}],"about":[{"href":"https:\/\/zonaroja.com.mx\/index.php?rest_route=\/wp\/v2\/types\/post"}],"author":[{"embeddable":true,"href":"https:\/\/zonaroja.com.mx\/index.php?rest_route=\/wp\/v2\/users\/2"}],"replies":[{"embeddable":true,"href":"https:\/\/zonaroja.com.mx\/index.php?rest_route=%2Fwp%2Fv2%2Fcomments&post=81094"}],"version-history":[{"count":1,"href":"https:\/\/zonaroja.com.mx\/index.php?rest_route=\/wp\/v2\/posts\/81094\/revisions"}],"predecessor-version":[{"id":81095,"href":"https:\/\/zonaroja.com.mx\/index.php?rest_route=\/wp\/v2\/posts\/81094\/revisions\/81095"}],"wp:featuredmedia":[{"embeddable":true,"href":"https:\/\/zonaroja.com.mx\/index.php?rest_route=\/wp\/v2\/media\/69311"}],"wp:attachment":[{"href":"https:\/\/zonaroja.com.mx\/index.php?rest_route=%2Fwp%2Fv2%2Fmedia&parent=81094"}],"wp:term":[{"taxonomy":"category","embeddable":true,"href":"https:\/\/zonaroja.com.mx\/index.php?rest_route=%2Fwp%2Fv2%2Fcategories&post=81094"},{"taxonomy":"post_tag","embeddable":true,"href":"https:\/\/zonaroja.com.mx\/index.php?rest_route=%2Fwp%2Fv2%2Ftags&post=81094"}],"curies":[{"name":"wp","href":"https:\/\/api.w.org\/{rel}","templated":true}]}}