{"id":81096,"date":"2025-06-07T10:33:00","date_gmt":"2025-06-07T16:33:00","guid":{"rendered":"https:\/\/zonaroja.com.mx\/?p=81096"},"modified":"2025-06-07T06:51:49","modified_gmt":"2025-06-07T12:51:49","slug":"matan-en-michoacan-a-presidente-municipal-y-su-escolta","status":"publish","type":"post","link":"https:\/\/zonaroja.com.mx\/?p=81096","title":{"rendered":"Matan en Michoac\u00e1n a presidente municipal y su escolta"},"content":{"rendered":"\n<p>Redacci\u00f3n\/Zona Roja Cdmx.<\/p>\n\n\n\n<p>Ciudad de M\u00e9xico, a 7 de junio de 2025.- El presidente municipal de Tac\u00e1mbaro, Salvador Bastida Garc\u00eda, y su escolta, Pastor Cortez \u00c1lvarez, fueron ultimados a tiros el jueves, poco antes de la medianoche, inform\u00f3 la Fiscal\u00eda General de Michoac\u00e1n.<\/p>\n\n\n\n<p>De acuerdo con el reporte, civiles armados perpetraron el ataque cuando el edil y su guardaespaldas llegaban al domicilio del primero, a bordo de una camioneta Ford tipo pickup blanca, en la calle Fuerte de Loreto, de la cabecera municipal de Tac\u00e1mbaro.<\/p>\n\n\n\n<p>En el lugar muri\u00f3 Pastor Cortez, quien pertenec\u00eda a la Guardia Civil; mientras, el alcalde de 54 a\u00f1os result\u00f3 herido, por lo que fue trasladado al hospital Mar\u00eda Zendejas, donde minutos despu\u00e9s falleci\u00f3.<\/p>\n\n\n\n<p>El gobierno del estado conden\u00f3 los homicidios e instruy\u00f3 a la Secretar\u00eda de Seguridad P\u00fablica estatal llevar a cabo un operativo coordinado con fuerzas federales a fin de dar con el paradero de quien o quienes resulten responsables.<\/p>\n\n\n\n<p>Por su parte, el ayuntamiento de Tac\u00e1mbaro confirm\u00f3 el crimen y extern\u00f3 su pesar por el deceso de Salvador Bastida y Cortez \u00c1lvarez.<\/p>\n\n\n\n<p>\u201cEste tr\u00e1gico suceso nos deja en un estado de tristeza y reflexi\u00f3n. Queremos reafirmar nuestro compromiso con la paz y la seguridad de todos los tacambarenses\u201d, se\u00f1al\u00f3 en un comunicado. \u201cHemos solicitado el apoyo de las instituciones correspondientes para esclarecer este doloroso acontecimiento y asegurar que se haga justicia.<\/p>\n\n\n\n<p>\u201cEstamos trabajando en coordinaci\u00f3n con los tres niveles de gobierno para reforzar las medidas de seguridad que garanticen el bienestar de nuestra comunidad\u00bb, a\u00f1adi\u00f3.<\/p>\n\n\n\n<p>Salvador Bastida, conocido como Chava Bastida, asumi\u00f3 el cargo el 1\u00b0 septiembre de 2024, tras ganar las elecciones por la coalici\u00f3n de los partidos Verde (PVEM), del Trabajo y Morena.<\/p>\n\n\n\n<p>Esta era la segunda ocasi\u00f3n que gobernaba Tac\u00e1mbaro. La primera fue de 2008 a 2011, cuando militaba en el PRI, al que renunci\u00f3 en el primer semestre de 2024.<\/p>\n\n\n\n<p>INVESTIGAN NEXOS<\/p>\n\n\n\n<p>En noviembre de este \u00faltimo a\u00f1o, la Fiscal\u00eda General de la Rep\u00fablica (FGR) inici\u00f3 investigaciones al alcalde y algunos de sus colaboradores por presuntos nexos con integrantes del c\u00e1rtel Jalisco Nueva Generaci\u00f3n (CJNG).&nbsp;<\/p>\n\n\n\n<p>La carpeta de investigaci\u00f3n fue integrada por la Fiscal\u00eda Especializada de Control Regional, por asociaci\u00f3n delictuosa; en ella se incluye a \u00c9dgar Ra\u00fal Flores Silva, Gabriel Villase\u00f1or Zamudio y Ram\u00f3n Raudel Campos Murillo, director de seguridad p\u00fablica municipal, subdirector de la misma corporaci\u00f3n y ex tesorero, respectivamente.<\/p>\n\n\n\n<p>\u201cLos funcionarios del ayuntamiento de Tac\u00e1mbaro forman parte de una asociaci\u00f3n que realiza reuniones habituales, consensuadas y establecidas con miembros de la delincuencia organizada (CJNG), con fines delictuosos\u201d, inform\u00f3 en esa ocasi\u00f3n la FGR.<\/p>\n\n\n\n<p>Ram\u00f3n Raudel Campos renunci\u00f3 como tesorero en noviembre del 2024, tras hacerse p\u00fablica su relaci\u00f3n en una presunta red de prostituci\u00f3n de mujeres y menores de edad que oper\u00f3 entre 2009 y 2012 en Estados Unidos, donde a partir de febrero del 2022 cumpli\u00f3 una condena de 18 meses de prisi\u00f3n.<\/p>\n\n\n\n<p>CINCO EDILES<\/p>\n\n\n\n<p>En febrero de 2022, el presidente municipal pri\u00edsta de Contepec, Enrique Vel\u00e1zquez fue localizado sin vida; dos d\u00edas antes hab\u00eda sido reportado como desaparecido. Un mes despu\u00e9s, en marzo de ese mismo a\u00f1o, el edil de Aguililla, C\u00e9sar Arturo Valencia, del PVEM, fue ultimado cuando se dirig\u00eda a la alcald\u00eda.<\/p>\n\n\n\n<p>El 30 de marzo de 2024, el mun\u00edcipe pri\u00edsta de Churumuco, Guillermo Torres, fue v\u00edctima de un ataque armado en una taquer\u00eda en Morelia; muri\u00f3 en el hospital.<\/p>\n\n\n\n<p>La edil panista de Cotija, Yolanda S\u00e1nchez Figueroa pereci\u00f3 en un ataque a tiros el 3 de junio de ese a\u00f1o cuando sal\u00eda de un gimnasio, cerca de la plaza principal de la demarcaci\u00f3n.<\/p>\n\n\n\n<p>(Con informaci\u00f3n de EFE en \u201cLa Jornada\u201d)<\/p>\n","protected":false},"excerpt":{"rendered":"<p>Redacci\u00f3n\/Zona Roja Cdmx. Ciudad de M\u00e9xico, a 7 de junio de 2025.- El presidente municipal&hellip;<\/p>\n","protected":false},"author":2,"featured_media":81101,"comment_status":"closed","ping_status":"open","sticky":false,"template":"","format":"standard","meta":{"_lmt_disableupdate":"","_lmt_disable":"","_jetpack_memberships_contains_paid_content":false,"footnotes":""},"categories":[109,51],"tags":[4327],"class_list":["post-81096","post","type-post","status-publish","format-standard","has-post-thumbnail","hentry","category-minuto-a-minuto","category-zona-roja","tag-tacambaro-michoatan"],"jetpack_featured_media_url":"https:\/\/zonaroja.com.mx\/wp-content\/uploads\/2025\/06\/Alcalde-Tacambaro-Michoacan-asesinado.webp","jetpack_sharing_enabled":true,"_links":{"self":[{"href":"https:\/\/zonaroja.com.mx\/index.php?rest_route=\/wp\/v2\/posts\/81096","targetHints":{"allow":["GET"]}}],"collection":[{"href":"https:\/\/zonaroja.com.mx\/index.php?rest_route=\/wp\/v2\/posts"}],"about":[{"href":"https:\/\/zonaroja.com.mx\/index.php?rest_route=\/wp\/v2\/types\/post"}],"author":[{"embeddable":true,"href":"https:\/\/zonaroja.com.mx\/index.php?rest_route=\/wp\/v2\/users\/2"}],"replies":[{"embeddable":true,"href":"https:\/\/zonaroja.com.mx\/index.php?rest_route=%2Fwp%2Fv2%2Fcomments&post=81096"}],"version-history":[{"count":1,"href":"https:\/\/zonaroja.com.mx\/index.php?rest_route=\/wp\/v2\/posts\/81096\/revisions"}],"predecessor-version":[{"id":81102,"href":"https:\/\/zonaroja.com.mx\/index.php?rest_route=\/wp\/v2\/posts\/81096\/revisions\/81102"}],"wp:featuredmedia":[{"embeddable":true,"href":"https:\/\/zonaroja.com.mx\/index.php?rest_route=\/wp\/v2\/media\/81101"}],"wp:attachment":[{"href":"https:\/\/zonaroja.com.mx\/index.php?rest_route=%2Fwp%2Fv2%2Fmedia&parent=81096"}],"wp:term":[{"taxonomy":"category","embeddable":true,"href":"https:\/\/zonaroja.com.mx\/index.php?rest_route=%2Fwp%2Fv2%2Fcategories&post=81096"},{"taxonomy":"post_tag","embeddable":true,"href":"https:\/\/zonaroja.com.mx\/index.php?rest_route=%2Fwp%2Fv2%2Ftags&post=81096"}],"curies":[{"name":"wp","href":"https:\/\/api.w.org\/{rel}","templated":true}]}}