{"id":8110,"date":"2020-01-27T14:05:49","date_gmt":"2020-01-27T20:05:49","guid":{"rendered":"https:\/\/www.zonaroja.com.mx\/?p=8110"},"modified":"2020-01-27T14:10:09","modified_gmt":"2020-01-27T20:10:09","slug":"mientras-secretarios-de-seguridad-marina-y-defensa-se-hallaban-en-oaxaca-ejecutan-a-uno-en-tuxtepec","status":"publish","type":"post","link":"https:\/\/zonaroja.com.mx\/?p=8110","title":{"rendered":"Mientras secretarios de Seguridad, Marina y Defensa se hallaban en Oaxaca, ejecutan a uno en Tuxtepec"},"content":{"rendered":"\n<p>Redacci\u00f3n\/Zona Roja. <\/p>\n\n\n\n<p><br>Oaxaca de Ju\u00e1rez, Oax., 27 de enero de 2020.- La comisi\u00f3n de homicidios dolosos en la v\u00eda p\u00fablica en San Juan Bautista Tuxtepec contin\u00faa, donde este ma\u00f1ana asesinaron a un conductor del transporte p\u00fablico urbano.<\/p>\n\n\n\n<p>Lo anterior en el marco de la visita a Oaxaca de los secretarios de Seguridad P\u00fablica, Marina y Defensa Nacional, quienes con el gobernador el gobernador Alejandro Murat presidieron un acto en la zona conurbada de la capital.<\/p>\n\n\n\n<p>El hecho violento ocurri\u00f3 minutos antes de las 9:00 horas en la avenida Jes\u00fas Carranza, el primer cuadro de la ciudad, cuando el chofer del autob\u00fas se estacion\u00f3 a un costado de un puesto ambulante de tacos.<\/p>\n\n\n\n<p>El cuerpo de la v\u00edctima qued\u00f3 sobre la baqueta, a un costado del triciclo con alimentos, y ante la mirada de otros ciudadanos que se encontraban en la avenida de frecuente circulaci\u00f3n vial y pr\u00f3xima a zona escolar.<\/p>\n\n\n\n<p>El var\u00f3n fue identificado como Juli\u00e1n G. C. F. de 36 a\u00f1os de edad, quien conduc\u00eda el autob\u00fas marcado por el n\u00famero econ\u00f3mico E-066, de la ruta hacia la colonia Obrera, la Universidad del Papaloapan y Conalep, ubicados en la periferia del municipio.<\/p>\n\n\n\n<p>Durante este mes, se han registrado m\u00e1s de una docena de homicidios dolosos en v\u00eda p\u00fablica en ese municipio de la regi\u00f3n de la Cuenca del Papaloapan, al norte de Oaxaca, donde adem\u00e1s, la poblaci\u00f3n de San Miguel Soyaltepec denunci\u00f3 en redes sociales la incursi\u00f3n de un grupo armado.<\/p>\n\n\n\n<p>De este \u00faltimo hecho la Fiscal\u00eda General de Oaxaca no emiti\u00f3 informaci\u00f3n.<br><\/p>\n","protected":false},"excerpt":{"rendered":"<p>Redacci\u00f3n\/Zona Roja. Oaxaca de Ju\u00e1rez, Oax., 27 de enero de 2020.- La comisi\u00f3n de homicidios&hellip;<\/p>\n","protected":false},"author":2,"featured_media":8112,"comment_status":"closed","ping_status":"open","sticky":false,"template":"","format":"standard","meta":{"_lmt_disableupdate":"","_lmt_disable":"","_jetpack_memberships_contains_paid_content":false,"footnotes":""},"categories":[109,51],"tags":[118],"class_list":["post-8110","post","type-post","status-publish","format-standard","has-post-thumbnail","hentry","category-minuto-a-minuto","category-zona-roja","tag-san-juan-bautista-tuxtepec"],"jetpack_featured_media_url":"https:\/\/zonaroja.com.mx\/wp-content\/uploads\/2020\/01\/c4a55471-85e9-4ffb-beac-c9c9c4a3da8c-1.jpg","jetpack_sharing_enabled":true,"_links":{"self":[{"href":"https:\/\/zonaroja.com.mx\/index.php?rest_route=\/wp\/v2\/posts\/8110","targetHints":{"allow":["GET"]}}],"collection":[{"href":"https:\/\/zonaroja.com.mx\/index.php?rest_route=\/wp\/v2\/posts"}],"about":[{"href":"https:\/\/zonaroja.com.mx\/index.php?rest_route=\/wp\/v2\/types\/post"}],"author":[{"embeddable":true,"href":"https:\/\/zonaroja.com.mx\/index.php?rest_route=\/wp\/v2\/users\/2"}],"replies":[{"embeddable":true,"href":"https:\/\/zonaroja.com.mx\/index.php?rest_route=%2Fwp%2Fv2%2Fcomments&post=8110"}],"version-history":[{"count":1,"href":"https:\/\/zonaroja.com.mx\/index.php?rest_route=\/wp\/v2\/posts\/8110\/revisions"}],"predecessor-version":[{"id":8111,"href":"https:\/\/zonaroja.com.mx\/index.php?rest_route=\/wp\/v2\/posts\/8110\/revisions\/8111"}],"wp:featuredmedia":[{"embeddable":true,"href":"https:\/\/zonaroja.com.mx\/index.php?rest_route=\/wp\/v2\/media\/8112"}],"wp:attachment":[{"href":"https:\/\/zonaroja.com.mx\/index.php?rest_route=%2Fwp%2Fv2%2Fmedia&parent=8110"}],"wp:term":[{"taxonomy":"category","embeddable":true,"href":"https:\/\/zonaroja.com.mx\/index.php?rest_route=%2Fwp%2Fv2%2Fcategories&post=8110"},{"taxonomy":"post_tag","embeddable":true,"href":"https:\/\/zonaroja.com.mx\/index.php?rest_route=%2Fwp%2Fv2%2Ftags&post=8110"}],"curies":[{"name":"wp","href":"https:\/\/api.w.org\/{rel}","templated":true}]}}