{"id":81103,"date":"2025-06-07T11:30:00","date_gmt":"2025-06-07T17:30:00","guid":{"rendered":"https:\/\/zonaroja.com.mx\/?p=81103"},"modified":"2025-06-07T06:55:34","modified_gmt":"2025-06-07T12:55:34","slug":"ediles-de-jalapa-del-marques-la-cienega-y-sosola-obstruyen-funciones","status":"publish","type":"post","link":"https:\/\/zonaroja.com.mx\/?p=81103","title":{"rendered":"Ediles de Jalapa del Marqu\u00e9s, La Ci\u00e9nega y Sosola obstruyen funciones"},"content":{"rendered":"\n<p>Redacci\u00f3n\/Zona Roja.<\/p>\n\n\n\n<p>Oaxaca, Oax., a 7 de junio de 2025.- En el Juicio para la Protecci\u00f3n de los Derechos Pol\u00edtico Electorales del Ciudadano, identificado con la clave: JDC\/34\/2025, el pleno del Tribunal Electoral del Estado de Oaxaca (TEEO) declar\u00f3 obstrucci\u00f3n al ejercicio del cargo atribuido a la presidenta y secretaria del ayuntamiento de Santa Mar\u00eda Jalapa del Marqu\u00e9s.<\/p>\n\n\n\n<p>De las pruebas t\u00e9cnicas aportadas por el concejal electo por el principio de representaci\u00f3n proporcional, se desprenden fotograf\u00edas y un video en el que se observa que tom\u00f3 protesta como regidor, el 1 de enero de 2025.&nbsp;<\/p>\n\n\n\n<p>\u201cLa responsable se limit\u00f3 a mencionar que dichas pruebas no fueron presentadas conforme a ley, sin embargo, no logr\u00f3 refutar el contenido de las mismas, lo cual le correspond\u00eda probar conforme al art\u00edculo 16 de la Ley de Medios Local\u201d, refiere la sentencia.<\/p>\n\n\n\n<p>El Tribunal orden\u00f3 a la presidenta municipal de Santa Mar\u00eda Jalapa Del Marqu\u00e9s, Oaxaca, cumpla con el apartado de efectos de la sentencia.<\/p>\n\n\n\n<p>LA CI\u00c9NEGA<\/p>\n\n\n\n<p>En el municipio de La Ci\u00e9nega, Zimatl\u00e1n, las magistradas que integran el pleno, aprobaron el proyecto en el cual resolvieron declarar parcialmente la obstrucci\u00f3n al ejercicio del cargo, atribuida al presidente municipal del citado municipio.&nbsp;<\/p>\n\n\n\n<p>La ponencia a cargo de la magistrada Gloria \u00c1ngeles Cruz L\u00f3pez, realiz\u00f3 el an\u00e1lisis de Juicio para la Protecci\u00f3n de los Derechos Pol\u00edtico Electorales del Ciudadano, identificado con la clave: JDC\/55\/2025, que interpuso la Regidora de Educaci\u00f3n, Cultura y Deporte.&nbsp;<\/p>\n\n\n\n<p>El TEEO orden\u00f3 al presidente municipal y autoridades vinculadas, den cumplimiento a la sentencia, respecto a los agravios relacionados con la indebida convocatoria a sesiones de cabildo, la omisi\u00f3n de otorgarle recursos materiales, financieros y personal a su cargo.&nbsp;<\/p>\n\n\n\n<p>EN SOSOLA<\/p>\n\n\n\n<p>Respecto Juicio para la Protecci\u00f3n de los Derechos Pol\u00edtico Electorales de la Ciudadan\u00eda en el R\u00e9gimen de Sistemas Normativos Internos, identificado con la clave: JDCI\/45\/2025, se declar\u00f3 parcialmente fundado el agravio de obstrucci\u00f3n al ejercicio del cargo, atribuidos al presidente municipal de San Jer\u00f3nimo Sosola.&nbsp;<\/p>\n\n\n\n<p>Luego del fallecimiento de la regidora propietaria, el presidente del citado municipio ha prolongado la toma de protesta a la suplente, para que asuma la regidur\u00eda vacante.&nbsp; &nbsp;<\/p>\n\n\n\n<p>\u201cEn ese sentido, y tomando en cuenta que la administraci\u00f3n municipal concluye el pr\u00f3ximo 31 de diciembre, se propone vincular a la Secretar\u00eda de Gobierno, para que a la brevedad expida la acreditaci\u00f3n correspondiente a la actora como Regidora del Municipio de San Jer\u00f3nimo Sosola\u201d, indic\u00f3 este Tribunal.&nbsp;<\/p>\n\n\n\n<p>En la sesi\u00f3n p\u00fablica presencial, se analizaron y resolvieron nueve Juicios para la Protecci\u00f3n de los Derechos Pol\u00edtico Electorales del Ciudadano (JDC); un Cuaderno de Antecedente (CA); siete Juicios para la Protecci\u00f3n de los Derechos Pol\u00edtico Electorales de la Ciudadan\u00eda en el R\u00e9gimen de los Sistemas Normativos Internos (JDCI).<\/p>\n\n\n\n<p>Asimismo, dos Procedimientos Especiales Sancionadores (PES) y dos Recursos de Apelaci\u00f3n (RA).<\/p>\n","protected":false},"excerpt":{"rendered":"<p>Redacci\u00f3n\/Zona Roja. Oaxaca, Oax., a 7 de junio de 2025.- En el Juicio para la&hellip;<\/p>\n","protected":false},"author":2,"featured_media":68225,"comment_status":"closed","ping_status":"open","sticky":false,"template":"","format":"standard","meta":{"_lmt_disableupdate":"","_lmt_disable":"","_jetpack_memberships_contains_paid_content":false,"footnotes":""},"categories":[109,46],"tags":[2235],"class_list":["post-81103","post","type-post","status-publish","format-standard","has-post-thumbnail","hentry","category-minuto-a-minuto","category-zona-blanca","tag-tribunal-electoral-del-estado-de-oaxaca-teeo"],"jetpack_featured_media_url":"https:\/\/zonaroja.com.mx\/wp-content\/uploads\/2024\/05\/Tribunal-Electoral-TEEO.jpeg","jetpack_sharing_enabled":true,"_links":{"self":[{"href":"https:\/\/zonaroja.com.mx\/index.php?rest_route=\/wp\/v2\/posts\/81103","targetHints":{"allow":["GET"]}}],"collection":[{"href":"https:\/\/zonaroja.com.mx\/index.php?rest_route=\/wp\/v2\/posts"}],"about":[{"href":"https:\/\/zonaroja.com.mx\/index.php?rest_route=\/wp\/v2\/types\/post"}],"author":[{"embeddable":true,"href":"https:\/\/zonaroja.com.mx\/index.php?rest_route=\/wp\/v2\/users\/2"}],"replies":[{"embeddable":true,"href":"https:\/\/zonaroja.com.mx\/index.php?rest_route=%2Fwp%2Fv2%2Fcomments&post=81103"}],"version-history":[{"count":1,"href":"https:\/\/zonaroja.com.mx\/index.php?rest_route=\/wp\/v2\/posts\/81103\/revisions"}],"predecessor-version":[{"id":81104,"href":"https:\/\/zonaroja.com.mx\/index.php?rest_route=\/wp\/v2\/posts\/81103\/revisions\/81104"}],"wp:featuredmedia":[{"embeddable":true,"href":"https:\/\/zonaroja.com.mx\/index.php?rest_route=\/wp\/v2\/media\/68225"}],"wp:attachment":[{"href":"https:\/\/zonaroja.com.mx\/index.php?rest_route=%2Fwp%2Fv2%2Fmedia&parent=81103"}],"wp:term":[{"taxonomy":"category","embeddable":true,"href":"https:\/\/zonaroja.com.mx\/index.php?rest_route=%2Fwp%2Fv2%2Fcategories&post=81103"},{"taxonomy":"post_tag","embeddable":true,"href":"https:\/\/zonaroja.com.mx\/index.php?rest_route=%2Fwp%2Fv2%2Ftags&post=81103"}],"curies":[{"name":"wp","href":"https:\/\/api.w.org\/{rel}","templated":true}]}}