{"id":81110,"date":"2025-06-07T14:00:00","date_gmt":"2025-06-07T20:00:00","guid":{"rendered":"https:\/\/zonaroja.com.mx\/?p=81110"},"modified":"2025-06-07T07:16:30","modified_gmt":"2025-06-07T13:16:30","slug":"anuncian-nuevas-fechas-e-incremento-de-frecuencia-del-vuelo-dallas-huatulco-dallas","status":"publish","type":"post","link":"https:\/\/zonaroja.com.mx\/?p=81110","title":{"rendered":"Anuncian nuevas fechas e incremento de frecuencia del vuelo Dallas\u2013Huatulco-Dallas"},"content":{"rendered":"\n<p>Redacci\u00f3n\/Zona Roja.&nbsp;<\/p>\n\n\n\n<p>Oaxaca, Oax., a 3 de junio de 2025.- La Secretar\u00eda de Turismo (Sectur Oaxaca) anunci\u00f3 que la ruta a\u00e9rea Dallas-Huatulco-Dallas, operada por American Airlines, sumar\u00e1 una nueva frecuencia y extender\u00e1 sus operaciones hasta el pr\u00f3ximo 2 de agosto de 2025.&nbsp;<\/p>\n\n\n\n<p>La titular de la Sectur, Saymi Pineda Velasco detall\u00f3 que esta ruta forma parte de la temporada invernal y regularmente opera los s\u00e1bados de octubre a mayo; sin embargo, en este 2025 tendr\u00e1 vuelos los mi\u00e9rcoles y s\u00e1bados, a partir del 11 de junio, con lo cual se fortalece la conectividad internacional de la Costa oaxaque\u00f1a.<\/p>\n\n\n\n<p>Indic\u00f3 que este servicio es cubierto con una aeronave Embraer 175, con capacidad promedio para 76 personas pasajeras, lo que representa un total de 608 asientos adicionales disponibles en el periodo entre junio y julio.<\/p>\n\n\n\n<p>Pineda Velasco destac\u00f3 que este incremento coincide con las fechas de \u201cJulio, mes de la Guelaguetza 2025\u201d, lo que permite a m\u00e1s turistas internacionales disfrutar de las riquezas de la zona costera, adem\u00e1s, se suma a la autopista Barranca Larga-Ventanilla, que facilita el traslado a la capital del estado.<\/p>\n\n\n\n<p>Finalmente, subray\u00f3 que esta ampliaci\u00f3n de frecuencias es resultado del trabajo conjunto entre los distintos niveles de gobierno y el sector privado, para fortalecer la conectividad a\u00e9rea y brindar mejores servicios tur\u00edsticos que impulsen la llegada de visitantes nacionales e internacionales.<\/p>\n","protected":false},"excerpt":{"rendered":"<p>Redacci\u00f3n\/Zona Roja.&nbsp; Oaxaca, Oax., a 3 de junio de 2025.- La Secretar\u00eda de Turismo (Sectur&hellip;<\/p>\n","protected":false},"author":2,"featured_media":73309,"comment_status":"closed","ping_status":"open","sticky":false,"template":"","format":"standard","meta":{"_lmt_disableupdate":"","_lmt_disable":"","_jetpack_memberships_contains_paid_content":false,"footnotes":""},"categories":[109,46],"tags":[1031],"class_list":["post-81110","post","type-post","status-publish","format-standard","has-post-thumbnail","hentry","category-minuto-a-minuto","category-zona-blanca","tag-secretaria-de-turismo-oaxaca"],"jetpack_featured_media_url":"https:\/\/zonaroja.com.mx\/wp-content\/uploads\/2024\/10\/Vuelos-avion-aeronave.jpg","jetpack_sharing_enabled":true,"_links":{"self":[{"href":"https:\/\/zonaroja.com.mx\/index.php?rest_route=\/wp\/v2\/posts\/81110","targetHints":{"allow":["GET"]}}],"collection":[{"href":"https:\/\/zonaroja.com.mx\/index.php?rest_route=\/wp\/v2\/posts"}],"about":[{"href":"https:\/\/zonaroja.com.mx\/index.php?rest_route=\/wp\/v2\/types\/post"}],"author":[{"embeddable":true,"href":"https:\/\/zonaroja.com.mx\/index.php?rest_route=\/wp\/v2\/users\/2"}],"replies":[{"embeddable":true,"href":"https:\/\/zonaroja.com.mx\/index.php?rest_route=%2Fwp%2Fv2%2Fcomments&post=81110"}],"version-history":[{"count":1,"href":"https:\/\/zonaroja.com.mx\/index.php?rest_route=\/wp\/v2\/posts\/81110\/revisions"}],"predecessor-version":[{"id":81111,"href":"https:\/\/zonaroja.com.mx\/index.php?rest_route=\/wp\/v2\/posts\/81110\/revisions\/81111"}],"wp:featuredmedia":[{"embeddable":true,"href":"https:\/\/zonaroja.com.mx\/index.php?rest_route=\/wp\/v2\/media\/73309"}],"wp:attachment":[{"href":"https:\/\/zonaroja.com.mx\/index.php?rest_route=%2Fwp%2Fv2%2Fmedia&parent=81110"}],"wp:term":[{"taxonomy":"category","embeddable":true,"href":"https:\/\/zonaroja.com.mx\/index.php?rest_route=%2Fwp%2Fv2%2Fcategories&post=81110"},{"taxonomy":"post_tag","embeddable":true,"href":"https:\/\/zonaroja.com.mx\/index.php?rest_route=%2Fwp%2Fv2%2Ftags&post=81110"}],"curies":[{"name":"wp","href":"https:\/\/api.w.org\/{rel}","templated":true}]}}