{"id":81115,"date":"2025-06-07T12:19:00","date_gmt":"2025-06-07T18:19:00","guid":{"rendered":"https:\/\/zonaroja.com.mx\/?p=81115"},"modified":"2025-06-07T07:25:22","modified_gmt":"2025-06-07T13:25:22","slug":"oaxaca-en-lugar-13-del-pais-en-indice-de-paz-violencia-le-cuesta-122-mil-mdp","status":"publish","type":"post","link":"https:\/\/zonaroja.com.mx\/?p=81115","title":{"rendered":"Oaxaca, en lugar 13 del pa\u00eds en \u00edndice de paz; violencia le cuesta 122 mil mdp"},"content":{"rendered":"\n<p>Lisbeth Mej\u00eda Reyes\/Zona Roja.<\/p>\n\n\n\n<p>Oaxaca, Oax., a 7 de junio de 2025.- Entre los 32 estados del pa\u00eds, Oaxaca ocup\u00f3 en el a\u00f1o 2024 el sitio n\u00famero 13 en el panorama de nivel de paz del \u00cdndice de Paz M\u00e9xico, un estudio publicado en mayo y que desde hace m\u00e1s de 10 a\u00f1os elabora anualmente el Instituto para la Econom\u00eda y la Paz.<\/p>\n\n\n\n<p>A nivel nacional, los cinco estados considerados m\u00e1s pac\u00edficos fueron: Yucat\u00e1n (primer lugar), seguido por Tlaxcala, Durango, Chiapas y Nayarit. En tanto, los clasificados como menos pac\u00edficos fueron: Quintana Roo, Baja California, Morelos, Guanajuato y Colima.<\/p>\n\n\n\n<p>Por su posici\u00f3n en el mapa del \u00edndice de paz, Oaxaca se observa en un nivel medio.<\/p>\n\n\n\n<p>Al revisar los \u00edndices previos, se observa que el estado solamente ha avanzado un lugar en los \u00faltimos a\u00f1os. Por ejemplo, en el a\u00f1o 2022 estaba en el sitio n\u00famero 15, de ah\u00ed avanzamos al 14 para el 2023. Y luego al lugar 13 en el 2024.<\/p>\n\n\n\n<p>El instituto explica que la medici\u00f3n de paz se basa en datos del Secretariado Ejecutivo del Sistema Nacional de &nbsp;Seguridad P\u00fablica (SESNSP), adem\u00e1s de considerar otras fuentes como la Encuesta Nacional de Victimizaci\u00f3n y Percepci\u00f3n sobre Seguridad P\u00fablica (ENVIPE).<\/p>\n\n\n\n<p>En la publicaci\u00f3n, el instituto tambi\u00e9n se\u00f1ala que para Oaxaca el impacto econ\u00f3mico de la violencia fue de 122 mil millones de pesos en 2024, una cifra similar a la del a\u00f1o 2023, aunque 3 millones menos que la del 2022 y m\u00e1s del doble del 2015, cuando represent\u00f3 54 mil millones.&nbsp;<\/p>\n\n\n\n<p>Por persona, el impacto econ\u00f3mico de la violencia fue de 28 mil 939 pesos, considerando que en el estado habitan m\u00e1s de 4 millones. A su vez, representa m\u00e1s de tres veces el salario m\u00ednimo mensual de una o un oaxaque\u00f1o, que para este 2025 es de 8 mil 364 pesos.<\/p>\n\n\n\n<p>De acuerdo con el instituto, el impacto econ\u00f3mico per c\u00e1pita de la violencia var\u00eda considerablemente entre los estados, desde 12 mil 309 pesos por persona en Yucat\u00e1n hasta 89 mil 916 pesos por persona en Colima.<\/p>\n\n\n\n<p>Asimismo, detalla que el impacto econ\u00f3mico de la violencia se define como \u00abel gasto y la actividad econ\u00f3mica relacionada con la contenci\u00f3n, prevenci\u00f3n y atenci\u00f3n de las consecuencias de la violencia\u00bb.<\/p>\n\n\n\n<p>Para calcular el impacto considera los costos directos, es decir, \u00ablos costos del delito o la violencia que recaen sobre la v\u00edctima, el agresor y el gobierno\u00bb y que incluyen el &nbsp;gasto en funciones policiales, atenci\u00f3n m\u00e9dica, servicios funerarios o reclusi\u00f3n. Asimismo, los costos indirectos: aquellos que se generan despu\u00e9s del hecho violento. Incluyen el trauma f\u00edsico y psicol\u00f3gico, as\u00ed como el valor presente de costos futuros derivados del incidente, como la p\u00e9rdida de ingresos a largo plazo. Igualmente, se incorpora una estimaci\u00f3n del impacto del miedo en la econom\u00eda, ya que las personas que temen ser v\u00edctimas de un delito violento modifican su comportamiento. A eso se agrega otro concepto de gasto adicional conocido como efecto multiplicador.<\/p>\n\n\n\n<p>A nivel nacional, el \u00cdndice de Paz M\u00e9xico expone que en 2024 se estim\u00f3 que el impacto econ\u00f3mico de la violencia fue de 4.5 billones de pesos (245 mil millones de d\u00f3lares estadounidenses), equivalente al 18% del Producto Interno Bruto de M\u00e9xico. En t\u00e9rminos per c\u00e1pita o por persona, el impacto fue de 33 mil 905 pesos, m\u00e1s que el salario mensual promedio de un trabajador mexicano.<\/p>\n","protected":false},"excerpt":{"rendered":"<p>Lisbeth Mej\u00eda Reyes\/Zona Roja. Oaxaca, Oax., a 7 de junio de 2025.- Entre los 32&hellip;<\/p>\n","protected":false},"author":2,"featured_media":81116,"comment_status":"closed","ping_status":"open","sticky":false,"template":"","format":"standard","meta":{"_lmt_disableupdate":"","_lmt_disable":"","_jetpack_memberships_contains_paid_content":false,"footnotes":""},"categories":[109,47],"tags":[],"class_list":["post-81115","post","type-post","status-publish","format-standard","has-post-thumbnail","hentry","category-minuto-a-minuto","category-zona-gris"],"jetpack_featured_media_url":"https:\/\/zonaroja.com.mx\/wp-content\/uploads\/2025\/06\/indice-de-paz-2024-mapa-B.jpg","jetpack_sharing_enabled":true,"_links":{"self":[{"href":"https:\/\/zonaroja.com.mx\/index.php?rest_route=\/wp\/v2\/posts\/81115","targetHints":{"allow":["GET"]}}],"collection":[{"href":"https:\/\/zonaroja.com.mx\/index.php?rest_route=\/wp\/v2\/posts"}],"about":[{"href":"https:\/\/zonaroja.com.mx\/index.php?rest_route=\/wp\/v2\/types\/post"}],"author":[{"embeddable":true,"href":"https:\/\/zonaroja.com.mx\/index.php?rest_route=\/wp\/v2\/users\/2"}],"replies":[{"embeddable":true,"href":"https:\/\/zonaroja.com.mx\/index.php?rest_route=%2Fwp%2Fv2%2Fcomments&post=81115"}],"version-history":[{"count":1,"href":"https:\/\/zonaroja.com.mx\/index.php?rest_route=\/wp\/v2\/posts\/81115\/revisions"}],"predecessor-version":[{"id":81117,"href":"https:\/\/zonaroja.com.mx\/index.php?rest_route=\/wp\/v2\/posts\/81115\/revisions\/81117"}],"wp:featuredmedia":[{"embeddable":true,"href":"https:\/\/zonaroja.com.mx\/index.php?rest_route=\/wp\/v2\/media\/81116"}],"wp:attachment":[{"href":"https:\/\/zonaroja.com.mx\/index.php?rest_route=%2Fwp%2Fv2%2Fmedia&parent=81115"}],"wp:term":[{"taxonomy":"category","embeddable":true,"href":"https:\/\/zonaroja.com.mx\/index.php?rest_route=%2Fwp%2Fv2%2Fcategories&post=81115"},{"taxonomy":"post_tag","embeddable":true,"href":"https:\/\/zonaroja.com.mx\/index.php?rest_route=%2Fwp%2Fv2%2Ftags&post=81115"}],"curies":[{"name":"wp","href":"https:\/\/api.w.org\/{rel}","templated":true}]}}