{"id":81118,"date":"2025-06-07T20:59:38","date_gmt":"2025-06-08T02:59:38","guid":{"rendered":"https:\/\/zonaroja.com.mx\/?p=81118"},"modified":"2025-06-07T20:59:40","modified_gmt":"2025-06-08T02:59:40","slug":"asesinan-a-dos-personas-en-el-istmo-este-sabado","status":"publish","type":"post","link":"https:\/\/zonaroja.com.mx\/?p=81118","title":{"rendered":"Asesinan a dos personas en el Istmo, este s\u00e1bado"},"content":{"rendered":"\n<p>Raymundo Morales\/Zona Roja.<\/p>\n\n\n\n<p>Oaxaca, Oax., a 7 de junio de 2025.- En dos hechos distintos, dos personas fueron asesinada a balazos este s\u00e1bado en la regi\u00f3n del Istmo de Tehuantepec.<\/p>\n\n\n\n<p>El m\u00e1s reciente crimen ocurri\u00f3 esta tarde en Santo Domingo Tehuantepec, donde ultimaron a un individuo en la calle Roberto Salazar de la colonia Industrial.<\/p>\n\n\n\n<p>Sujetos armados dispararon en contra de quien fue identificado posteriormente como Roberto C. O., quien ten\u00eda su domicilio en el barrio Santa Maria; los agresores huyeron de inmediato de la zona.<\/p>\n\n\n\n<p>Corporaciones policiacas de los tres niveles de gobierno arribaron a la zona \u00fanicamente para acordonar el sitio, mientras personal de la Vicefiscal\u00eda Regional del Istmo realiz\u00f3 sus labores periciales.<\/p>\n\n\n\n<p>Horas antes, en la agencia La Ventosa, del municipio de Juchit\u00e1n de Zaragoza, fue atacado a balazos el se\u00f1or Jos\u00e9 V. C., quien fue autoridad auxiliar de dicha demarcaci\u00f3n.<\/p>\n\n\n\n<p>El ataque ocurri\u00f3 afuera de su domicilio, tras lo cual le dejaron una cartulina con un mensaje supuestamente del crimen organizado; familiares levantaron el cuerpo y lo trasladaron a un hospital de Juchit\u00e1n, donde perdi\u00f3 la vida debido a la gravedad de las lesiones.<\/p>\n\n\n\n<p>En este caso tampoco hay personas detenidas, pues en La Ventosa no hab\u00eda vigilancia policial en las calles.<\/p>\n","protected":false},"excerpt":{"rendered":"<p>Raymundo Morales\/Zona Roja. Oaxaca, Oax., a 7 de junio de 2025.- En dos hechos distintos,&hellip;<\/p>\n","protected":false},"author":2,"featured_media":81119,"comment_status":"closed","ping_status":"open","sticky":false,"template":"","format":"standard","meta":{"_lmt_disableupdate":"","_lmt_disable":"","_jetpack_memberships_contains_paid_content":false,"footnotes":""},"categories":[109,51],"tags":[533,297],"class_list":["post-81118","post","type-post","status-publish","format-standard","has-post-thumbnail","hentry","category-minuto-a-minuto","category-zona-roja","tag-asesinado-en-tehuantepec","tag-ejecutado-juchitan"],"jetpack_featured_media_url":"https:\/\/zonaroja.com.mx\/wp-content\/uploads\/2025\/06\/Ejecutado-en-Tehuantepec-.jpeg","jetpack_sharing_enabled":true,"_links":{"self":[{"href":"https:\/\/zonaroja.com.mx\/index.php?rest_route=\/wp\/v2\/posts\/81118","targetHints":{"allow":["GET"]}}],"collection":[{"href":"https:\/\/zonaroja.com.mx\/index.php?rest_route=\/wp\/v2\/posts"}],"about":[{"href":"https:\/\/zonaroja.com.mx\/index.php?rest_route=\/wp\/v2\/types\/post"}],"author":[{"embeddable":true,"href":"https:\/\/zonaroja.com.mx\/index.php?rest_route=\/wp\/v2\/users\/2"}],"replies":[{"embeddable":true,"href":"https:\/\/zonaroja.com.mx\/index.php?rest_route=%2Fwp%2Fv2%2Fcomments&post=81118"}],"version-history":[{"count":1,"href":"https:\/\/zonaroja.com.mx\/index.php?rest_route=\/wp\/v2\/posts\/81118\/revisions"}],"predecessor-version":[{"id":81120,"href":"https:\/\/zonaroja.com.mx\/index.php?rest_route=\/wp\/v2\/posts\/81118\/revisions\/81120"}],"wp:featuredmedia":[{"embeddable":true,"href":"https:\/\/zonaroja.com.mx\/index.php?rest_route=\/wp\/v2\/media\/81119"}],"wp:attachment":[{"href":"https:\/\/zonaroja.com.mx\/index.php?rest_route=%2Fwp%2Fv2%2Fmedia&parent=81118"}],"wp:term":[{"taxonomy":"category","embeddable":true,"href":"https:\/\/zonaroja.com.mx\/index.php?rest_route=%2Fwp%2Fv2%2Fcategories&post=81118"},{"taxonomy":"post_tag","embeddable":true,"href":"https:\/\/zonaroja.com.mx\/index.php?rest_route=%2Fwp%2Fv2%2Ftags&post=81118"}],"curies":[{"name":"wp","href":"https:\/\/api.w.org\/{rel}","templated":true}]}}