{"id":81121,"date":"2025-06-07T21:08:17","date_gmt":"2025-06-08T03:08:17","guid":{"rendered":"https:\/\/zonaroja.com.mx\/?p=81121"},"modified":"2025-06-07T21:08:19","modified_gmt":"2025-06-08T03:08:19","slug":"arranca-el-pvem-reforestacion-un-arbol-por-cada-voto","status":"publish","type":"post","link":"https:\/\/zonaroja.com.mx\/?p=81121","title":{"rendered":"Arranca el PVEM reforestaci\u00f3n un \u00e1rbol por cada voto"},"content":{"rendered":"\n<p>Redacci\u00f3n\/Estado 20.<\/p>\n\n\n\n<p>Oaxaca de Ju\u00e1rez, Oax., a 7 de junio de 2025.- Dirigentes estatales del Partido Verde Ecologista de M\u00e9xico (PVEM) arrancaron en Oaxaca el programa nacional de reforestaci\u00f3n, el cual fue uno de sus promesas de campa\u00f1a durante el proceso electoral de 2024.<\/p>\n\n\n\n<p>Con este programa, buscan plantar en el pa\u00eds alrededor de tres millones de \u00e1rboles desde hoy hasta el a\u00f1o 2027. Del total, en la entidad oaxaque\u00f1a prev\u00e9n sembrar aproximadamente 200 mil \u00e1rboles.<\/p>\n\n\n\n<p>La cantidad, seg\u00fan explicaron, corresponde a la cantidad de votos que obtuvieron durante las elecciones federales y estatales del a\u00f1o 2024, y en la que promesa fue que por cada voto que obtuviera el partido, sembrar\u00edan un \u00e1rbol.<\/p>\n\n\n\n<p>En Oaxaca, en la elecci\u00f3n de diputados locales consiguieron 220 mil votos y en la elecci\u00f3n presidencial 250 mil votos.<\/p>\n\n\n\n<p>Durante la conferencia de prensa que ofrecieron esta ma\u00f1ana en la capital del estado, el dirigente estatal del Partido Verde en el Estado de M\u00e9xico,&nbsp; Jos\u00e9 Alberto Couttolenc, adelant\u00f3 que su partido analiza de competir solo en los pr\u00f3ximos procesos electorales.<\/p>\n\n\n\n<p>Lo anterior, dijo, porque han encontrado que cuando contienden en las elecciones de manera solitaria el n\u00famero de votos a su favor se incrementa; pero cuando contienden en alianza, pierden votos que se van a los partidos aliados.<\/p>\n\n\n\n<p>Alberto Couttolenc consider\u00f3 que es un buen momento para que el Partido Verde Ecologista de M\u00e9xico (PVEM) se \u201caventure\u201d a competir s\u00f3lo en los pr\u00f3ximos procesos electorales; sobre todo, porque actualmente son la segunda fuerza pol\u00edtica en diversas entidades el pa\u00eds.<\/p>\n\n\n\n<p>A su vez, Jos\u00e9 Antonio Estefan Guillessen dirigente esttal, dijo que la campa\u00f1a nacional de reforestaci\u00f3n en Oaxaca, dijo, empezar\u00e1 en municipios que son gobernados por este instituto pol\u00edtico como Zimatl\u00e1n de \u00c1lvarez y Santa Mar\u00eda Huatulco.<\/p>\n\n\n\n<figure class=\"wp-block-embed is-type-rich is-provider-twitter wp-block-embed-twitter\"><div class=\"wp-block-embed__wrapper\">\n<div class=\"twitter-tweet\"><blockquote class=\"twitter-tweet\" data-lang=\"es\"><p lang=\"es\" dir=\"ltr\"><a href=\"https:\/\/twitter.com\/hashtag\/ENVIVO?src=hash&amp;ref_src=twsrc%5Etfw\">#ENVIVO<\/a><br>Oaxaca, Oax., a 7 de junio de 2025.- La dirigencia estatal del Partido Verde Ecologista de M\u00e9xico, que encabeza <a href=\"https:\/\/twitter.com\/PepeEstefanG?ref_src=twsrc%5Etfw\">@PepeEstefanG<\/a>, y dirigencias nacionales anuncian el inicio del programa de reforestaci\u00f3n nacional.<br>\ud83d\udc47<a href=\"https:\/\/t.co\/uBttRrTUxQ\">https:\/\/t.co\/uBttRrTUxQ<\/a><\/p>&mdash; Zona Roja Oaxaca (@ZonaRoja_Oaxaca) <a href=\"https:\/\/twitter.com\/ZonaRoja_Oaxaca\/status\/1931366140783075647?ref_src=twsrc%5Etfw\">7 de junio de 2025<\/a><\/blockquote><\/div>\n<\/div><\/figure>\n","protected":false},"excerpt":{"rendered":"<p>Redacci\u00f3n\/Estado 20. Oaxaca de Ju\u00e1rez, Oax., a 7 de junio de 2025.- Dirigentes estatales del&hellip;<\/p>\n","protected":false},"author":2,"featured_media":81122,"comment_status":"closed","ping_status":"open","sticky":false,"template":"","format":"standard","meta":{"_lmt_disableupdate":"","_lmt_disable":"","_jetpack_memberships_contains_paid_content":false,"footnotes":""},"categories":[109,46],"tags":[2176],"class_list":["post-81121","post","type-post","status-publish","format-standard","has-post-thumbnail","hentry","category-minuto-a-minuto","category-zona-blanca","tag-partido-verde-ecologista-de-mexico-pvem"],"jetpack_featured_media_url":"https:\/\/zonaroja.com.mx\/wp-content\/uploads\/2025\/06\/Conferencia-PVEM-Jose-Antonio-Estefan.jpg","jetpack_sharing_enabled":true,"_links":{"self":[{"href":"https:\/\/zonaroja.com.mx\/index.php?rest_route=\/wp\/v2\/posts\/81121","targetHints":{"allow":["GET"]}}],"collection":[{"href":"https:\/\/zonaroja.com.mx\/index.php?rest_route=\/wp\/v2\/posts"}],"about":[{"href":"https:\/\/zonaroja.com.mx\/index.php?rest_route=\/wp\/v2\/types\/post"}],"author":[{"embeddable":true,"href":"https:\/\/zonaroja.com.mx\/index.php?rest_route=\/wp\/v2\/users\/2"}],"replies":[{"embeddable":true,"href":"https:\/\/zonaroja.com.mx\/index.php?rest_route=%2Fwp%2Fv2%2Fcomments&post=81121"}],"version-history":[{"count":1,"href":"https:\/\/zonaroja.com.mx\/index.php?rest_route=\/wp\/v2\/posts\/81121\/revisions"}],"predecessor-version":[{"id":81123,"href":"https:\/\/zonaroja.com.mx\/index.php?rest_route=\/wp\/v2\/posts\/81121\/revisions\/81123"}],"wp:featuredmedia":[{"embeddable":true,"href":"https:\/\/zonaroja.com.mx\/index.php?rest_route=\/wp\/v2\/media\/81122"}],"wp:attachment":[{"href":"https:\/\/zonaroja.com.mx\/index.php?rest_route=%2Fwp%2Fv2%2Fmedia&parent=81121"}],"wp:term":[{"taxonomy":"category","embeddable":true,"href":"https:\/\/zonaroja.com.mx\/index.php?rest_route=%2Fwp%2Fv2%2Fcategories&post=81121"},{"taxonomy":"post_tag","embeddable":true,"href":"https:\/\/zonaroja.com.mx\/index.php?rest_route=%2Fwp%2Fv2%2Ftags&post=81121"}],"curies":[{"name":"wp","href":"https:\/\/api.w.org\/{rel}","templated":true}]}}