{"id":81124,"date":"2025-06-08T07:30:00","date_gmt":"2025-06-08T13:30:00","guid":{"rendered":"https:\/\/zonaroja.com.mx\/?p=81124"},"modified":"2025-06-08T06:14:37","modified_gmt":"2025-06-08T12:14:37","slug":"ya-nos-vamos-ya-nos-vamos-pero-luego-regresamos-magisterio","status":"publish","type":"post","link":"https:\/\/zonaroja.com.mx\/?p=81124","title":{"rendered":"\u00a1Ya nos vamos, ya nos vamos, pero luego regresamos!: magisterio\u00a0"},"content":{"rendered":"\n<p>Ismael Garc\u00eda M.\/Zona Roja.&nbsp;<\/p>\n\n\n\n<p>Oaxaca, Oax., 8 de junio de 2025.- Pese a no haber logrado el cumplimiento de su demanda principal, la derogaci\u00f3n de la Ley del ISSSTE, luego de 24 horas de paro de labores educativas y \u201cplant\u00f3n\u201d en la Ciudad de M\u00e9xico, integrantes de la Coordinadora Nacional de Trabajadores de la Educaci\u00f3n levantaron ayer sus movilizaciones, para reanudar clases el pr\u00f3ximo lunes.<\/p>\n\n\n\n<p>\u201cNos retiramos con la frente en alto, no como una derrota, sino como una reorganizaci\u00f3n estrat\u00e9gica. Esta no es una retirada: es una pausa necesaria para volver con mayor fuerza, con m\u00e1s sindicatos hermanos, m\u00e1s trabajadores del Estado, m\u00e1s sectores organizados del pueblo que ya reconocen en la CNTE, el referente nacional de lucha por la dignidad laboral y la educaci\u00f3n p\u00fablica\u201d, inform\u00f3 la Secci\u00f3n 22 del Sindicato Nacional de Trabajadores de la Educaci\u00f3n.<\/p>\n\n\n\n<p>En un comunicado, reconoci\u00f3 que fueron ignorados \u201cpor un gobierno que se autoproclama del pueblo, pero que sirve a los intereses del poder econ\u00f3mico. La presidenta Claudia Sheinbaum y sus funcionarios dieron la espalda al magisterio, mostrando que la llamada \u2018Cuarta Transformaci\u00f3n\u2019 no es m\u00e1s que una continuidad de las pol\u00edticas neoliberales que han golpeado a la clase trabajadora durante d\u00e9cadas\u201d. se\u00f1al\u00f3.<\/p>\n\n\n\n<p>Expuso que la lucha no se agota pues la abrogaci\u00f3n de la Ley del ISSSTE 2007, la cancelaci\u00f3n de la reforma educativa neoliberal, el salario justo y la justicia social, siguen siendo sus demandas centrales. \u201cLas respuestas ofrecidas fueron nulas, insuficientes y ofensivas, lo que solo confirma que el Estado teme la organizaci\u00f3n del pueblo movilizado\u201d.<\/p>\n\n\n\n<p>\u201cVolvemos a nuestras comunidades a informar, a politizar, a esclarecer, porque la lucha no termin\u00f3: apenas comienza una nueva etapa. Lo que est\u00e1 en juego no es solo nuestro presente, sino el futuro de nuestros estudiantes, de nuestras familias, y de las nuevas generaciones de trabajadores\u201d, remarc\u00f3 la gremial de Oaxaca.<\/p>\n\n\n\n<p>LA DECLARATORIA<\/p>\n\n\n\n<p>Con un mitin ayer en el z\u00f3calo de la capital del pa\u00eds se dieron por concluidas oficialmente las movilizaciones de la CNTE, que aglutina a media docena de magisterios del pa\u00eds, y que incluyeron marchas, bloqueos a oficinas y al Palacio Nacional, as\u00ed como al Aeropuerto Internacional, entre otros.<\/p>\n\n\n\n<p>La CNTE record\u00f3 que el pasado 28 de mayo, el gobierno federal emiti\u00f3 un documento respuesta con cinco puntos, al que las respectivas asambleas lo declaran como un informe, \u201cimpreciso, demag\u00f3gico e insuficiente, con relaci\u00f3n a la Abrogaci\u00f3n de la Ley del ISSSTE de 2007\u201d.<\/p>\n\n\n\n<p>\u201cEl argumento utilizado por la Presidenta de la Rep\u00fablica para no abrogar la Ley del ISSSTE de 2007, es que no hay recursos econ\u00f3micos suficientes para atender dicho planteamiento, no obstante, se ha demostrado el jugoso negocio que representa la administraci\u00f3n de los recursos de los trabajadores para los due\u00f1os de las AFORES, lo real es que Claudia Sheinbaum no quiere afectar los intereses de la clase olig\u00e1rquica, hist\u00f3ricamente beneficiada e intocable en este pa\u00eds\u201d, remarc\u00f3 la Coordinadora Nacional.<\/p>\n\n\n\n<p>\u201cAl gobierno de Claudia Sheinbaum le decimos contundentemente que no se equivoque: esto no es el final, sino una fase de reorganizaci\u00f3n para continuar la lucha en otras condiciones. Este receso es resultado de la reflexi\u00f3n y el debate de miles de maestros y maestras que se han movilizado durante 24 d\u00edas, en varios estados del pa\u00eds\u201d, indic\u00f3 la CNTE.<\/p>\n","protected":false},"excerpt":{"rendered":"<p>Ismael Garc\u00eda M.\/Zona Roja.&nbsp; Oaxaca, Oax., 8 de junio de 2025.- Pese a no haber&hellip;<\/p>\n","protected":false},"author":2,"featured_media":81127,"comment_status":"closed","ping_status":"open","sticky":false,"template":"","format":"standard","meta":{"_lmt_disableupdate":"","_lmt_disable":"","_jetpack_memberships_contains_paid_content":false,"footnotes":""},"categories":[109,47],"tags":[1283,312],"class_list":["post-81124","post","type-post","status-publish","format-standard","has-post-thumbnail","hentry","category-minuto-a-minuto","category-zona-gris","tag-coordinadora-nacional-de-trabajadores-de-la-educacion-cnte","tag-seccion-22-del-snte"],"jetpack_featured_media_url":"https:\/\/zonaroja.com.mx\/wp-content\/uploads\/2025\/06\/Seccion-22-CNTE-levntan-protesta-Cdmx.jpg","jetpack_sharing_enabled":true,"_links":{"self":[{"href":"https:\/\/zonaroja.com.mx\/index.php?rest_route=\/wp\/v2\/posts\/81124","targetHints":{"allow":["GET"]}}],"collection":[{"href":"https:\/\/zonaroja.com.mx\/index.php?rest_route=\/wp\/v2\/posts"}],"about":[{"href":"https:\/\/zonaroja.com.mx\/index.php?rest_route=\/wp\/v2\/types\/post"}],"author":[{"embeddable":true,"href":"https:\/\/zonaroja.com.mx\/index.php?rest_route=\/wp\/v2\/users\/2"}],"replies":[{"embeddable":true,"href":"https:\/\/zonaroja.com.mx\/index.php?rest_route=%2Fwp%2Fv2%2Fcomments&post=81124"}],"version-history":[{"count":1,"href":"https:\/\/zonaroja.com.mx\/index.php?rest_route=\/wp\/v2\/posts\/81124\/revisions"}],"predecessor-version":[{"id":81128,"href":"https:\/\/zonaroja.com.mx\/index.php?rest_route=\/wp\/v2\/posts\/81124\/revisions\/81128"}],"wp:featuredmedia":[{"embeddable":true,"href":"https:\/\/zonaroja.com.mx\/index.php?rest_route=\/wp\/v2\/media\/81127"}],"wp:attachment":[{"href":"https:\/\/zonaroja.com.mx\/index.php?rest_route=%2Fwp%2Fv2%2Fmedia&parent=81124"}],"wp:term":[{"taxonomy":"category","embeddable":true,"href":"https:\/\/zonaroja.com.mx\/index.php?rest_route=%2Fwp%2Fv2%2Fcategories&post=81124"},{"taxonomy":"post_tag","embeddable":true,"href":"https:\/\/zonaroja.com.mx\/index.php?rest_route=%2Fwp%2Fv2%2Ftags&post=81124"}],"curies":[{"name":"wp","href":"https:\/\/api.w.org\/{rel}","templated":true}]}}