{"id":81129,"date":"2025-06-08T09:40:00","date_gmt":"2025-06-08T15:40:00","guid":{"rendered":"https:\/\/zonaroja.com.mx\/?p=81129"},"modified":"2025-06-08T06:44:50","modified_gmt":"2025-06-08T12:44:50","slug":"no-hay-nada-que-festejar-asociacion-de-periodistas-de-oaxaca","status":"publish","type":"post","link":"https:\/\/zonaroja.com.mx\/?p=81129","title":{"rendered":"\u201cNo hay nada que festejar\u201d: Asociaci\u00f3n de Periodistas de Oaxaca"},"content":{"rendered":"\n<p>Ismael Garc\u00eda M.\/Zona Roja.<\/p>\n\n\n\n<p>Oaxaca, Oax., a 8 de junio de 2025.- La Asociaci\u00f3n de Periodistas de Oaxaca (APO) cumpli\u00f3 ayer 47 a\u00f1os de su fundaci\u00f3n y es la \u00fanica en la entidad que sigue vigente.<\/p>\n\n\n\n<p>La fecha coincide con la conmemoraci\u00f3n del D\u00eda de la Libertad de Expresi\u00f3n en M\u00e9xico, \u201clibertad que d\u00eda con d\u00eda se ve m\u00e1s amenazada y restringida, por lo que se convierte en un sue\u00f1o cada vez m\u00e1s inalcanzable\u201d.<\/p>\n\n\n\n<p>En voz de la dirigencia de la APO, el periodista Adri\u00e1n Ortiz Romero Cuevas ley\u00f3 un mensaje, en que remarc\u00f3 que \u201cno hay nada que festejar por esta fecha\u201d.<\/p>\n\n\n\n<p>No obstante, hay que celebrar la existencia de la organizaci\u00f3n period\u00edstica, que ha enfrentado una serie de luchas a lo largo de su existencia, dijo, ante No\u00e9 Jara Cruz, secretario de Gobierno municipal y representante del edil Raymundo Chagoya Villanueva.<\/p>\n\n\n\n<p>Record\u00f3 que la misi\u00f3n primordial del gremio es informar a la sociedad con toda \u00e9tica y veracidad, con verdad, de todo lo que acontece en su entorno.<\/p>\n\n\n\n<p>\u201cEsa verdad que se maquilla desde el oficialismo, o que se intenta presentar disfrazada o adornada con flores y tonos de color de rosa desde los actuales p\u00falpitos.<\/p>\n\n\n\n<p>\u201cEl hecho de ser un basti\u00f3n o una muralla en defensa de los valores de la verdad y el periodismo, nos convierten cada vez m\u00e1s en un enemigo a vencer por quienes quieren ejercer el poder utilizando a modo la palabra pueblo, ese pueblo que al que enga\u00f1an con sus verdades maquilladas desde el p\u00falpito de la demagogia\u201d, destac\u00f3.<\/p>\n\n\n\n<p>Acompa\u00f1ado de Miguel \u00c1ngel Luna, el otro integrante de la dirigencia de la APO, ante el busto de Ricardo Flores Mag\u00f3n, en la Plazuela de la Libertad de Expresi\u00f3n de la capital, record\u00f3 la trascendental labor del originario de Eloxochitl\u00e1n.<\/p>\n\n\n\n<p>\u201cEl legado de Flores Mag\u00f3n para los mexicanos es vasto e imperecedero, nos hered\u00f3 la convicci\u00f3n de que la palabra es un arma poderosa, capaz de derribar imperios y construir nuevas realidades\u201d, sostuvo Ortiz Romero Cuevas.\u00a0<\/p>\n\n\n\n<p>\u201cVienen momentos dif\u00edciles, y no es que seamos agoreros del desastre, en que los verdaderos periodistas se ver\u00e1n obligados a definirse, comunicar con la verdad o convertirse en c\u00f3mplices del poder, finalmente ser\u00e1 decisi\u00f3n de cada uno el papel que quiera jugar en la historia\u201d, remarc\u00f3.<\/p>\n\n\n\n<p>Los comunicadores afiliados a la APO e invitados colocaron una ofrenda floral ante la efigie de Ricardo Flores Mag\u00f3n y posteriormente en las oficinas de la organizaci\u00f3n period\u00edstica, se reconoci\u00f3 la aportaci\u00f3n de los fundadores y colegas fallecidos.<\/p>\n\n\n\n<figure class=\"wp-block-embed is-type-rich is-provider-twitter wp-block-embed-twitter\"><div class=\"wp-block-embed__wrapper\">\n<div class=\"twitter-tweet\"><blockquote class=\"twitter-tweet\" data-lang=\"es\"><p lang=\"es\" dir=\"ltr\">Oaxaca, Oax., a 7 de junio de 2025.- En la Plazuela de la Libertad de Expresi\u00f3n, la Asociaci\u00f3n de Periodistas de Oaxaca (APO) conmemora el 47 aniversario de su creaci\u00f3n; asiste la autoridad municipal del <a href=\"https:\/\/twitter.com\/MunicipioOaxaca?ref_src=twsrc%5Etfw\">@MunicipioOaxaca<\/a>, representada por <a href=\"https:\/\/twitter.com\/noejaracruz?ref_src=twsrc%5Etfw\">@noejaracruz<\/a>.<br>\ud83d\udc47<a href=\"https:\/\/t.co\/jFSWQqjduS\">https:\/\/t.co\/jFSWQqjduS<\/a><\/p>&mdash; Zona Roja Oaxaca (@ZonaRoja_Oaxaca) <a href=\"https:\/\/twitter.com\/ZonaRoja_Oaxaca\/status\/1931419974083486084?ref_src=twsrc%5Etfw\">7 de junio de 2025<\/a><\/blockquote><\/div>\n<\/div><\/figure>\n","protected":false},"excerpt":{"rendered":"<p>Ismael Garc\u00eda M.\/Zona Roja. Oaxaca, Oax., a 8 de junio de 2025.- La Asociaci\u00f3n de&hellip;<\/p>\n","protected":false},"author":2,"featured_media":81130,"comment_status":"closed","ping_status":"open","sticky":false,"template":"","format":"standard","meta":{"_lmt_disableupdate":"","_lmt_disable":"","_jetpack_memberships_contains_paid_content":false,"footnotes":""},"categories":[109,46],"tags":[1041],"class_list":["post-81129","post","type-post","status-publish","format-standard","has-post-thumbnail","hentry","category-minuto-a-minuto","category-zona-blanca","tag-asociacion-de-periodistas-de-oaxaca-apo"],"jetpack_featured_media_url":"https:\/\/zonaroja.com.mx\/wp-content\/uploads\/2025\/06\/Aniversario-Asociacion-de-Periodistas-APO.jpg","jetpack_sharing_enabled":true,"_links":{"self":[{"href":"https:\/\/zonaroja.com.mx\/index.php?rest_route=\/wp\/v2\/posts\/81129","targetHints":{"allow":["GET"]}}],"collection":[{"href":"https:\/\/zonaroja.com.mx\/index.php?rest_route=\/wp\/v2\/posts"}],"about":[{"href":"https:\/\/zonaroja.com.mx\/index.php?rest_route=\/wp\/v2\/types\/post"}],"author":[{"embeddable":true,"href":"https:\/\/zonaroja.com.mx\/index.php?rest_route=\/wp\/v2\/users\/2"}],"replies":[{"embeddable":true,"href":"https:\/\/zonaroja.com.mx\/index.php?rest_route=%2Fwp%2Fv2%2Fcomments&post=81129"}],"version-history":[{"count":1,"href":"https:\/\/zonaroja.com.mx\/index.php?rest_route=\/wp\/v2\/posts\/81129\/revisions"}],"predecessor-version":[{"id":81131,"href":"https:\/\/zonaroja.com.mx\/index.php?rest_route=\/wp\/v2\/posts\/81129\/revisions\/81131"}],"wp:featuredmedia":[{"embeddable":true,"href":"https:\/\/zonaroja.com.mx\/index.php?rest_route=\/wp\/v2\/media\/81130"}],"wp:attachment":[{"href":"https:\/\/zonaroja.com.mx\/index.php?rest_route=%2Fwp%2Fv2%2Fmedia&parent=81129"}],"wp:term":[{"taxonomy":"category","embeddable":true,"href":"https:\/\/zonaroja.com.mx\/index.php?rest_route=%2Fwp%2Fv2%2Fcategories&post=81129"},{"taxonomy":"post_tag","embeddable":true,"href":"https:\/\/zonaroja.com.mx\/index.php?rest_route=%2Fwp%2Fv2%2Ftags&post=81129"}],"curies":[{"name":"wp","href":"https:\/\/api.w.org\/{rel}","templated":true}]}}