{"id":8113,"date":"2020-01-27T16:26:04","date_gmt":"2020-01-27T22:26:04","guid":{"rendered":"http:\/\/www.zonaroja.com.mx\/?p=8113"},"modified":"2020-01-27T16:26:08","modified_gmt":"2020-01-27T22:26:08","slug":"inicia-semana-con-protestas-en-oaxaca-unas-azuzadas-por-perredistas","status":"publish","type":"post","link":"https:\/\/zonaroja.com.mx\/?p=8113","title":{"rendered":"Inicia semana con protestas en Oaxaca, unas azuzadas por perredistas"},"content":{"rendered":"\n<p>Evlin Arag\u00f3n\/Zona Roja.<\/p>\n\n\n\n<p>Con diversas movilizaciones y protestas\ninicio la semana en la capital de Oaxaca ante la falta de atenci\u00f3n a las\ndemandas administrativas, sociales y pol\u00edticas por parte de las autoridades\nmunicipales, estatales y federales.<\/p>\n\n\n\n<p>Desde temprana hora de este lunes,\nintegrantes del Sindicato Aut\u00f3nomo del ayuntamiento de Oaxaca de Ju\u00e1rez, pararon\nlabores para denunciar una serie de irregularidades y maltrato en la\nadministraci\u00f3n de Oswaldo Garc\u00eda Jarqu\u00edn, quien no ha escuchado la demanda de\nla base trabajadora.<\/p>\n\n\n\n<p>As\u00ed lo dio a conocer Fortino Cruz\nHern\u00e1ndez, secretario general de la gremial, quien acuso de maltrato, acoso y\nhostigamiento laboral al funcionariado p\u00fablico que encabeza la administraci\u00f3n\nmunicipal sin ninguna distinci\u00f3n, falta de material para realizar su trabajo,\ndesplazamiento de personal de base por personal de confianza, a quienes se\ncontrata sin justificaci\u00f3n.<\/p>\n\n\n\n<p>\u201cNo estamos de acuerdo con el trato que nos dan a la base trabajadora, los funcionarios no est\u00e1n para ayudar al edil, por el contrario parece que act\u00faan en su contra, el personal de confianza usurpa nuestras funciones y no estamos de acuerdo con lo que sucede al interior de la administraci\u00f3n municipal\u201d, dijo.<\/p>\n\n\n\n<figure class=\"wp-block-image\"><img decoding=\"async\" width=\"1024\" height=\"576\" src=\"http:\/\/www.zonaroja.com.mx\/wp-content\/uploads\/2020\/01\/cf5dcbb0-7c27-47e2-b6b6-c3784837f15c-1-1024x576.jpg\" alt=\"\" class=\"wp-image-8115\" srcset=\"https:\/\/zonaroja.com.mx\/wp-content\/uploads\/2020\/01\/cf5dcbb0-7c27-47e2-b6b6-c3784837f15c-1-1024x576.jpg 1024w, https:\/\/zonaroja.com.mx\/wp-content\/uploads\/2020\/01\/cf5dcbb0-7c27-47e2-b6b6-c3784837f15c-1-300x169.jpg 300w, https:\/\/zonaroja.com.mx\/wp-content\/uploads\/2020\/01\/cf5dcbb0-7c27-47e2-b6b6-c3784837f15c-1-768x432.jpg 768w, https:\/\/zonaroja.com.mx\/wp-content\/uploads\/2020\/01\/cf5dcbb0-7c27-47e2-b6b6-c3784837f15c-1-1170x658.jpg 1170w, https:\/\/zonaroja.com.mx\/wp-content\/uploads\/2020\/01\/cf5dcbb0-7c27-47e2-b6b6-c3784837f15c-1-585x329.jpg 585w, https:\/\/zonaroja.com.mx\/wp-content\/uploads\/2020\/01\/cf5dcbb0-7c27-47e2-b6b6-c3784837f15c-1.jpg 1280w\" sizes=\"(max-width: 1024px) 100vw, 1024px\" \/><\/figure>\n\n\n\n<p>Por otro lado, integrantes 11 organizaciones\nafines al Partido de la Revoluci\u00f3n Democr\u00e1tica se manifestaron en la caseta de\ncobro de Huitzo, los complejos de Ciudad Administrativa y Judicial y\ndependencias federales para exigir recurso y obra p\u00fablica al gobierno de\nOaxaca, encabezado por Alejandro Murat Hinojosa.<\/p>\n\n\n\n<p>As\u00ed lo dio a conocer el ex diputado\nlocal Jes\u00fas L\u00f3pez Rodr\u00edguez, quien detall\u00f3 que la administraci\u00f3n estatal no ha\ncumplido con los planteamientos y acuerdos que tuvo con las diferentes\ncomunidades durante los tres primeros a\u00f1os de gobierno, asegurando que la\natenci\u00f3n ha sido selectiva.<\/p>\n\n\n\n<p>Este mismo grupo de organizaciones hizo\npresencia a las afueras del Centro Cultural y de Convenciones, en el marco de\nla visita del secretario de Seguridad P\u00fablica y Protecci\u00f3n Ciudadana, Alfonso\nDurazo Monta\u00f1o, para exigir la atenci\u00f3n a sus demandas sociales, ah\u00ed fueron\natendidos por personal de la Secretaria General de Gobierno (Segego), quienes\ndieron una cita para una pr\u00f3xima reuni\u00f3n.<\/p>\n\n\n\n<p>Finalmente se reportaron bloqueos\ncarreteros en el Istmo de Tehuantepec de forma particular en los tramos\nJuchit\u00e1n-Tehuantepec y Tehuantepec-Jalapa del Marqu\u00e9s, as\u00ed como el punto de\nTehuantepec a la altura del Puente del Fierro por parte de recolectores de\nbasura.&nbsp; <\/p>\n","protected":false},"excerpt":{"rendered":"<p>Evlin Arag\u00f3n\/Zona Roja. Con diversas movilizaciones y protestas inicio la semana en la capital de&hellip;<\/p>\n","protected":false},"author":2,"featured_media":8114,"comment_status":"closed","ping_status":"open","sticky":false,"template":"","format":"standard","meta":{"_lmt_disableupdate":"","_lmt_disable":"","_jetpack_memberships_contains_paid_content":false,"footnotes":""},"categories":[109,47],"tags":[],"class_list":["post-8113","post","type-post","status-publish","format-standard","has-post-thumbnail","hentry","category-minuto-a-minuto","category-zona-gris"],"jetpack_featured_media_url":"https:\/\/zonaroja.com.mx\/wp-content\/uploads\/2020\/01\/761d7901-f20f-477c-b6fb-ba50b8a09cb6.jpg","jetpack_sharing_enabled":true,"_links":{"self":[{"href":"https:\/\/zonaroja.com.mx\/index.php?rest_route=\/wp\/v2\/posts\/8113","targetHints":{"allow":["GET"]}}],"collection":[{"href":"https:\/\/zonaroja.com.mx\/index.php?rest_route=\/wp\/v2\/posts"}],"about":[{"href":"https:\/\/zonaroja.com.mx\/index.php?rest_route=\/wp\/v2\/types\/post"}],"author":[{"embeddable":true,"href":"https:\/\/zonaroja.com.mx\/index.php?rest_route=\/wp\/v2\/users\/2"}],"replies":[{"embeddable":true,"href":"https:\/\/zonaroja.com.mx\/index.php?rest_route=%2Fwp%2Fv2%2Fcomments&post=8113"}],"version-history":[{"count":1,"href":"https:\/\/zonaroja.com.mx\/index.php?rest_route=\/wp\/v2\/posts\/8113\/revisions"}],"predecessor-version":[{"id":8116,"href":"https:\/\/zonaroja.com.mx\/index.php?rest_route=\/wp\/v2\/posts\/8113\/revisions\/8116"}],"wp:featuredmedia":[{"embeddable":true,"href":"https:\/\/zonaroja.com.mx\/index.php?rest_route=\/wp\/v2\/media\/8114"}],"wp:attachment":[{"href":"https:\/\/zonaroja.com.mx\/index.php?rest_route=%2Fwp%2Fv2%2Fmedia&parent=8113"}],"wp:term":[{"taxonomy":"category","embeddable":true,"href":"https:\/\/zonaroja.com.mx\/index.php?rest_route=%2Fwp%2Fv2%2Fcategories&post=8113"},{"taxonomy":"post_tag","embeddable":true,"href":"https:\/\/zonaroja.com.mx\/index.php?rest_route=%2Fwp%2Fv2%2Ftags&post=8113"}],"curies":[{"name":"wp","href":"https:\/\/api.w.org\/{rel}","templated":true}]}}