{"id":81132,"date":"2025-06-08T08:44:00","date_gmt":"2025-06-08T14:44:00","guid":{"rendered":"https:\/\/zonaroja.com.mx\/?p=81132"},"modified":"2025-06-08T06:59:46","modified_gmt":"2025-06-08T12:59:46","slug":"crece-irritacion-en-eu-ante-deportaciones-trump-ordena-desplegar-guardia-nacional","status":"publish","type":"post","link":"https:\/\/zonaroja.com.mx\/?p=81132","title":{"rendered":"Crece irritaci\u00f3n en EU ante deportaciones; Trump ordena desplegar Guardia Nacional\u00a0"},"content":{"rendered":"\n<p>Redacci\u00f3n\/Zona Roja Cdmx.<\/p>\n\n\n\n<p>Ciudad de M\u00e9xico, a 8 de junio de 2025.- El presidente de Estados Unidos, Donald Trump, orden\u00f3 el s\u00e1bado el despliegue en Los \u00c1ngeles de 2 mil efectivos de la Guardia Nacional, en la segunda jornada de enfrentamientos entre agentes federales y manifestantes que protestan contra las redadas de indocumentados, inform\u00f3 su portavoz.<\/p>\n\n\n\n<p>\u00abEl presidente Trump firm\u00f3 un memorando presidencial para el despliegue de 2 mil efectivos de la Guardia Nacional para controlar la anarqu\u00eda que dejaron arraigarse\u00bb, dijo la secretaria de prensa de la Casa Blanca, Karoline Leavitt, en referencia a la \u00abineptitud\u00bb de las autoridades dem\u00f3cratas en California.<\/p>\n\n\n\n<p>Por su lado, Trump amenaz\u00f3 con usar el gobierno federal para aplastar a los \u201calborotadores y saqueadores\u201d, \u00a1de la manera en que se debe resolver!\u201d, al referirse a las protestas contra redadas realizadas por el Servicio de Inmigraci\u00f3n y Control de Aduanas (por sus siglas en ingl\u00e9s ICE) en dicho estado de su pa\u00eds.<\/p>\n\n\n\n<p>El mandatario acus\u00f3 al gobernador Gavin Newsom, de California, y la alcaldesa Karen Bass, de Los \u00c1ngeles, de no poder hacer bien su trabajo. \u201cTodos saben que no pueden, entonces el gobierno federal intervendr\u00e1 y resolver\u00e1 el problema\u201d, advirti\u00f3 desde su cuenta de Truth Social.&nbsp;<\/p>\n\n\n\n<p>En otras ocasiones, el tambi\u00e9n magnate ha bromeado diciendo que \u201ccuando empiezan los saqueos, empiezan los disparos\u201d.<\/p>\n\n\n\n<p>Los tensos enfrentamientos entre la polic\u00eda y los manifestantes en Los \u00c1ngeles continuaron por segundo d\u00eda este s\u00e1bado, en respuesta a las operaciones de los agentes del ICE.<\/p>\n\n\n\n<p>Las autoridades migratorias de Estados Unidos extendieron su actividad en el \u00e1rea de Los \u00c1ngeles tras las protestas en una instalaci\u00f3n de detenci\u00f3n federal y de una respuesta policial en la que se lanz\u00f3 gas lacrim\u00f3geno y granadas aturdidoras y se arrest\u00f3 a un l\u00edder sindical.<\/p>\n\n\n\n<p>Personal de la patrulla fronteriza con equipo antidisturbios y m\u00e1scaras de gas mont\u00f3 guardia fuera de un parque industrial en la ciudad de Paramount, arrojando gas lacrim\u00f3geno mientras transe\u00fantes y manifestantes se reun\u00edan en las divisiones entre carriles y al otro lado de la calle, algunos abucheando a las autoridades mientras grababan los eventos con tel\u00e9fonos inteligentes.<\/p>\n\n\n\n<p>\u201cFuera el ICE de Paramount. Vemos lo que eres en realidad\u201d, dijo una mujer a trav\u00e9s de un meg\u00e1fono. \u00abNo eres bienvenido aqu\u00ed\u00bb.Un cartel de mano dec\u00eda: \u00abNing\u00fan ser humano es ilegal\u00bb.<\/p>\n\n\n\n<p>Humo se elevaba de arbustos y basura en llamas en la calle, y los manifestantes patearon un veh\u00edculo de la patrulla fronteriza. El bulevar se cerr\u00f3 al tr\u00e1fico mientras agentes de la patrulla fronteriza circulaban por el \u00e1rea.<\/p>\n\n\n\n<p>Agentes del Servicio de Control de Inmigraci\u00f3n y Aduanas (ICE) ejecutaron \u00f3rdenes de registro en m\u00faltiples ubicaciones el viernes, incluyendo el exterior de un almac\u00e9n de ropa en el distrito de la moda de Los \u00c1ngeles.&nbsp;<\/p>\n\n\n\n<p>La acci\u00f3n se produjo despu\u00e9s de que un juez determin\u00f3 que hab\u00eda causa probable de que el empleador utilizaba documentos ficticios para algunos de sus trabajadores, seg\u00fan representantes de Investigaciones de Seguridad Nacional y el Departamento de Justicia.<\/p>\n\n\n\n<p>Un momento de tensi\u00f3n se produjo en el exterior cuando una multitud intent\u00f3 cerrar el paso a los agentes para evitar que se fueran.<\/p>\n\n\n\n<p>Defensores de los inmigrantes dicen que tambi\u00e9n hubo detenciones migratorias en el exterior de almacenes Home Depot y de una tienda de donas.<\/p>\n\n\n\n<p>El Departamento de Seguridad Nacional dijo en un comunicado que las recientes operaciones del ICE en Los \u00c1ngeles resultaron en el arresto de 118 inmigrantes.<\/p>\n\n\n\n<p>(Informaci\u00f3n de agencias internacionales en \u00abLa Jornada\u00bb)<\/p>\n","protected":false},"excerpt":{"rendered":"<p>Redacci\u00f3n\/Zona Roja Cdmx. Ciudad de M\u00e9xico, a 8 de junio de 2025.- El presidente de&hellip;<\/p>\n","protected":false},"author":2,"featured_media":81133,"comment_status":"closed","ping_status":"open","sticky":false,"template":"","format":"standard","meta":{"_lmt_disableupdate":"","_lmt_disable":"","_jetpack_memberships_contains_paid_content":false,"footnotes":""},"categories":[109,47],"tags":[4167],"class_list":["post-81132","post","type-post","status-publish","format-standard","has-post-thumbnail","hentry","category-minuto-a-minuto","category-zona-gris","tag-deportacion-de-migrantes-en-eu"],"jetpack_featured_media_url":"https:\/\/zonaroja.com.mx\/wp-content\/uploads\/2025\/06\/Deportaciones-disturbios-Los-Angeles-migrantes.jpg","jetpack_sharing_enabled":true,"_links":{"self":[{"href":"https:\/\/zonaroja.com.mx\/index.php?rest_route=\/wp\/v2\/posts\/81132","targetHints":{"allow":["GET"]}}],"collection":[{"href":"https:\/\/zonaroja.com.mx\/index.php?rest_route=\/wp\/v2\/posts"}],"about":[{"href":"https:\/\/zonaroja.com.mx\/index.php?rest_route=\/wp\/v2\/types\/post"}],"author":[{"embeddable":true,"href":"https:\/\/zonaroja.com.mx\/index.php?rest_route=\/wp\/v2\/users\/2"}],"replies":[{"embeddable":true,"href":"https:\/\/zonaroja.com.mx\/index.php?rest_route=%2Fwp%2Fv2%2Fcomments&post=81132"}],"version-history":[{"count":1,"href":"https:\/\/zonaroja.com.mx\/index.php?rest_route=\/wp\/v2\/posts\/81132\/revisions"}],"predecessor-version":[{"id":81134,"href":"https:\/\/zonaroja.com.mx\/index.php?rest_route=\/wp\/v2\/posts\/81132\/revisions\/81134"}],"wp:featuredmedia":[{"embeddable":true,"href":"https:\/\/zonaroja.com.mx\/index.php?rest_route=\/wp\/v2\/media\/81133"}],"wp:attachment":[{"href":"https:\/\/zonaroja.com.mx\/index.php?rest_route=%2Fwp%2Fv2%2Fmedia&parent=81132"}],"wp:term":[{"taxonomy":"category","embeddable":true,"href":"https:\/\/zonaroja.com.mx\/index.php?rest_route=%2Fwp%2Fv2%2Fcategories&post=81132"},{"taxonomy":"post_tag","embeddable":true,"href":"https:\/\/zonaroja.com.mx\/index.php?rest_route=%2Fwp%2Fv2%2Ftags&post=81132"}],"curies":[{"name":"wp","href":"https:\/\/api.w.org\/{rel}","templated":true}]}}