{"id":81135,"date":"2025-06-08T11:00:00","date_gmt":"2025-06-08T17:00:00","guid":{"rendered":"https:\/\/zonaroja.com.mx\/?p=81135"},"modified":"2025-06-08T07:17:36","modified_gmt":"2025-06-08T13:17:36","slug":"pide-institucion-nacional-indagar-presunto-matrimonio-infantil-en-oaxaca","status":"publish","type":"post","link":"https:\/\/zonaroja.com.mx\/?p=81135","title":{"rendered":"Pide instituci\u00f3n nacional indagar presunto matrimonio infantil en Oaxaca"},"content":{"rendered":"\n<p>Raymundo Morales\/Zona Roja.<\/p>\n\n\n\n<p>Oaxaca, Oax., a 8 de mayo de 2025.- La Secretar\u00eda Ejecutiva del Sistema Nacional de Protecci\u00f3n Integral de Ni\u00f1as, Ni\u00f1os y Adolescentes (SIPINNA) manifest\u00f3 su preocupaci\u00f3n y rechazo ante los hechos difundidos recientemente en medios de comunicaci\u00f3n, relacionados con la presunta celebraci\u00f3n de una uni\u00f3n entre adolescentes en una comunidad ind\u00edgena del estado de Oaxaca, as\u00ed como con la participaci\u00f3n de ni\u00f1as y ni\u00f1os en el consumo de bebidas alcoh\u00f3licas durante dicha ceremonia.<\/p>\n\n\n\n<p>\u201cDesde el marco normativo nacional e internacional vigente, ning\u00fan uso, costumbre o pr\u00e1ctica cultural puede estar por encima del inter\u00e9s superior de la ni\u00f1ez ni justificar violaciones a sus derechos humanos.&nbsp;<\/p>\n\n\n\n<p>\u201cEl matrimonio infantil y las uniones tempranas son formas de violencia estructural y de g\u00e9nero que profundizan la desigualdad, reproducen ciclos de pobreza, limitan el acceso a la educaci\u00f3n, y exponen a ni\u00f1as y adolescentes a embarazos forzados, abandono escolar, violencia f\u00edsica, sexual y emocional, adem\u00e1s de impactar gravemente en su salud integral y su desarrollo\u201d, destac\u00f3 en un comunicado.<\/p>\n\n\n\n<p>Expuso que en M\u00e9xico, el matrimonio infantil est\u00e1 prohibido sin excepci\u00f3n desde la reforma al C\u00f3digo Civil Federal publicada en el Diario Oficial de la Federaci\u00f3n el 4 de junio de 2019.&nbsp;<\/p>\n\n\n\n<p>Esta disposici\u00f3n fue adoptada por todas las entidades federativas, incluyendo Oaxaca, donde el C\u00f3digo Civil local establece con claridad que la edad m\u00ednima para contraer matrimonio es de 18 a\u00f1os, sin excepci\u00f3n alguna (Art\u00edculos 147 y 156). Asimismo, la Ley General de los Derechos de Ni\u00f1as, Ni\u00f1os y Adolescentes (LGDNNA) establece en su art\u00edculo 45 la obligaci\u00f3n de autoridades federales, estatales y municipales de prevenir, atender, sancionar y erradicar toda forma de violencia contra la ni\u00f1ez, incluyendo pr\u00e1cticas nocivas naturalizadas como las uniones infantiles.<\/p>\n\n\n\n<p>La Secretar\u00eda Ejecutiva del SIPINNA Nacional hizo un llamado urgente y respetuoso a las autoridades estatales y municipales, as\u00ed como a los sistemas de protecci\u00f3n de Oaxaca, para investigar con enfoque de derechos humanos y perspectiva intercultural estos hechos, atendiendo a los principios de legalidad, debida diligencia y no revictimizaci\u00f3n.&nbsp;<\/p>\n\n\n\n<p>\u201cReiteramos que el respeto a las cosmovisiones y tradiciones comunitarias debe ir acompa\u00f1ado de un di\u00e1logo intercultural que garantice la protecci\u00f3n plena de los derechos de la ni\u00f1ez y adolescencia, especialmente de las ni\u00f1as y adolescentes ind\u00edgenas, quienes enfrentan m\u00faltiples formas de discriminaci\u00f3n interseccional\u201dm expuso.<\/p>\n\n\n\n<p>INTERVIENE OAXACA<\/p>\n\n\n\n<p>Por su parte, el Sistema Estatal para el Desarrollo Integral de la Familia (DIF) inform\u00f3 que de acuerdo a sus atribuciones legales inici\u00f3 de oficio el expediente: 0628\/PRODENNAO\/SPE\/2025, para identificar la vulneraci\u00f3n de derechos hacia menores de edad durante la celebraci\u00f3n de una boda, en la localidad de San Juanito Yosocani, ubicada en el municipio de San Lorenzo, en la Costa oaxaque\u00f1a.<\/p>\n\n\n\n<p>Esta intervenci\u00f3n a cargo de la Procuradur\u00eda Estatal de Protecci\u00f3n de los Derechos de las Ni\u00f1as, Ni\u00f1os y Adolescentes del Estado de Oaxaca (Prodennao), se emprendi\u00f3 luego de darse a conocer este caso, mediante la divulgaci\u00f3n de fotograf\u00edas en diversos medios de comunicaci\u00f3n y plataformas de redes sociales, dijo.<\/p>\n\n\n\n<p>A\u00f1adi\u00f3 que de esta manera se tiene el objetivo de detectar posibles vulneraciones de derechos y evaluar las situaciones de riesgo en la que se encuentran la y el adolescente involucrados. Aunado al consumo de alcohol entre ni\u00f1as y ni\u00f1os que hubo en dicha boda.<\/p>\n\n\n\n<p>\u201cPara este fin, se realizar\u00e1 una intervenci\u00f3n psicosocial en el sitio, con un enfoque multidisciplinario, centrado en la detecci\u00f3n de riesgos. En caso de que se confirme la existencia de una uni\u00f3n temprana o cualquier otra situaci\u00f3n que vulnere los derechos de la y el adolescente, la Prodennao emitir\u00e1 las medidas de protecci\u00f3n correspondientes para garantizar su bienestar, seguridad y desarrollo pleno\u201d.<\/p>\n","protected":false},"excerpt":{"rendered":"<p>Raymundo Morales\/Zona Roja. Oaxaca, Oax., a 8 de mayo de 2025.- La Secretar\u00eda Ejecutiva del&hellip;<\/p>\n","protected":false},"author":2,"featured_media":81136,"comment_status":"closed","ping_status":"open","sticky":false,"template":"","format":"standard","meta":{"_lmt_disableupdate":"","_lmt_disable":"","_jetpack_memberships_contains_paid_content":false,"footnotes":""},"categories":[109,47],"tags":[4329],"class_list":["post-81135","post","type-post","status-publish","format-standard","has-post-thumbnail","hentry","category-minuto-a-minuto","category-zona-gris","tag-san-juanito-yosocani"],"jetpack_featured_media_url":"https:\/\/zonaroja.com.mx\/wp-content\/uploads\/2025\/06\/Boda-San-Juanito-Yosocani-San-Lorenzo.jpeg","jetpack_sharing_enabled":true,"_links":{"self":[{"href":"https:\/\/zonaroja.com.mx\/index.php?rest_route=\/wp\/v2\/posts\/81135","targetHints":{"allow":["GET"]}}],"collection":[{"href":"https:\/\/zonaroja.com.mx\/index.php?rest_route=\/wp\/v2\/posts"}],"about":[{"href":"https:\/\/zonaroja.com.mx\/index.php?rest_route=\/wp\/v2\/types\/post"}],"author":[{"embeddable":true,"href":"https:\/\/zonaroja.com.mx\/index.php?rest_route=\/wp\/v2\/users\/2"}],"replies":[{"embeddable":true,"href":"https:\/\/zonaroja.com.mx\/index.php?rest_route=%2Fwp%2Fv2%2Fcomments&post=81135"}],"version-history":[{"count":1,"href":"https:\/\/zonaroja.com.mx\/index.php?rest_route=\/wp\/v2\/posts\/81135\/revisions"}],"predecessor-version":[{"id":81137,"href":"https:\/\/zonaroja.com.mx\/index.php?rest_route=\/wp\/v2\/posts\/81135\/revisions\/81137"}],"wp:featuredmedia":[{"embeddable":true,"href":"https:\/\/zonaroja.com.mx\/index.php?rest_route=\/wp\/v2\/media\/81136"}],"wp:attachment":[{"href":"https:\/\/zonaroja.com.mx\/index.php?rest_route=%2Fwp%2Fv2%2Fmedia&parent=81135"}],"wp:term":[{"taxonomy":"category","embeddable":true,"href":"https:\/\/zonaroja.com.mx\/index.php?rest_route=%2Fwp%2Fv2%2Fcategories&post=81135"},{"taxonomy":"post_tag","embeddable":true,"href":"https:\/\/zonaroja.com.mx\/index.php?rest_route=%2Fwp%2Fv2%2Ftags&post=81135"}],"curies":[{"name":"wp","href":"https:\/\/api.w.org\/{rel}","templated":true}]}}