{"id":81146,"date":"2025-06-08T17:18:19","date_gmt":"2025-06-08T23:18:19","guid":{"rendered":"https:\/\/zonaroja.com.mx\/?p=81146"},"modified":"2025-06-08T17:18:21","modified_gmt":"2025-06-08T23:18:21","slug":"llevan-a-prision-a-tres-personas-que-asaltaron-a-fotoperiodista-y-su-madre","status":"publish","type":"post","link":"https:\/\/zonaroja.com.mx\/?p=81146","title":{"rendered":"Llevan a prisi\u00f3n a tres personas que asaltaron a fotoperiodista y su madre"},"content":{"rendered":"\n<p>Redacci\u00f3n\/Zona Roja.&nbsp;<\/p>\n\n\n\n<p>Oaxaca, Oax., a 8 de junio de 2025.- La Fiscal\u00eda General del Estado de Oaxaca (FGEO) solicit\u00f3 la vinculaci\u00f3n a proceso y obtuvo prisi\u00f3n preventiva provisional contra tres personas, luego de ser detenidos en el centro de la capital, se\u00f1alados por su probable participaci\u00f3n en la comisi\u00f3n del delito de Robo con Violencia.<\/p>\n\n\n\n<p>Adem\u00e1s que las investigaciones sugieren que estar\u00edan vinculados con una banda de carteristas que opera en esa zona de la ciudad de Oaxaca de Ju\u00e1rez.<\/p>\n\n\n\n<p>De acuerdo con la carpeta de investigaci\u00f3n por el caso, los hechos que se les imputan, sucedieron en la calle de Armenta y L\u00f3pez, en la colonia Centro, durante la tarde del 5 de junio de 2025, cuando la v\u00edctima \u2014una fotoperiodista y su madre\u2014 fue interceptada por un grupo de personas que la despojaron de sus pertenencias, para luego tratar de esconderlas.<\/p>\n\n\n\n<p>Cuando la v\u00edctima se percat\u00f3 que la hab\u00edan despojado, solicit\u00f3 el apoyo de la Polic\u00eda Estatal que dio la atenci\u00f3n y llev\u00f3 a cabo la detenci\u00f3n de tres personas identificadas como S.D.O.S. (hombre) as\u00ed como de M.C.R.M. y Z.R.G. (ambas mujeres).<\/p>\n\n\n\n<p>Ante los se\u00f1alamientos y luego que presumiblemente ten\u00edan en su posesi\u00f3n los objetos robados, estas tres personas quedaron a disposici\u00f3n del Ministerio P\u00fablico de la Vicefiscal\u00eda Regional de Valles Centrales, que realiz\u00f3 las investigaciones correspondientes.<\/p>\n\n\n\n<p>Luego que la FGEO present\u00f3 los resultados preliminares de las indagatorias, el Juez que atiende la causa calific\u00f3 como legal la detenci\u00f3n de S.D.O.S., M.C.R.M. y Z.R.G., mientras que el Ministerio P\u00fablico solicit\u00f3 la vinculaci\u00f3n a proceso de los imputados, quienes quedaron en prisi\u00f3n preventiva.<\/p>\n\n\n\n<p>Adem\u00e1s que, los trabajos ministeriales sugieren que estas tres personas podr\u00edan estar relacionadas con una banda dedicada al robo a transe\u00fantes que opera en el Centro Hist\u00f3rico, por lo que se refuerzan las investigaciones para establecer su nivel de responsabilidad en dichas conductas delictivas.<\/p>\n","protected":false},"excerpt":{"rendered":"<p>Redacci\u00f3n\/Zona Roja.&nbsp; Oaxaca, Oax., a 8 de junio de 2025.- La Fiscal\u00eda General del Estado&hellip;<\/p>\n","protected":false},"author":2,"featured_media":81147,"comment_status":"closed","ping_status":"open","sticky":false,"template":"","format":"standard","meta":{"_lmt_disableupdate":"","_lmt_disable":"","_jetpack_memberships_contains_paid_content":false,"footnotes":""},"categories":[109,46],"tags":[494],"class_list":["post-81146","post","type-post","status-publish","format-standard","has-post-thumbnail","hentry","category-minuto-a-minuto","category-zona-blanca","tag-fiscalia-general-del-estado-de-oaxaca"],"jetpack_featured_media_url":"https:\/\/zonaroja.com.mx\/wp-content\/uploads\/2025\/06\/Detenidos-Oaxaca-caso-fotoperiodista-Ericka-Juarez.jpg","jetpack_sharing_enabled":true,"_links":{"self":[{"href":"https:\/\/zonaroja.com.mx\/index.php?rest_route=\/wp\/v2\/posts\/81146","targetHints":{"allow":["GET"]}}],"collection":[{"href":"https:\/\/zonaroja.com.mx\/index.php?rest_route=\/wp\/v2\/posts"}],"about":[{"href":"https:\/\/zonaroja.com.mx\/index.php?rest_route=\/wp\/v2\/types\/post"}],"author":[{"embeddable":true,"href":"https:\/\/zonaroja.com.mx\/index.php?rest_route=\/wp\/v2\/users\/2"}],"replies":[{"embeddable":true,"href":"https:\/\/zonaroja.com.mx\/index.php?rest_route=%2Fwp%2Fv2%2Fcomments&post=81146"}],"version-history":[{"count":1,"href":"https:\/\/zonaroja.com.mx\/index.php?rest_route=\/wp\/v2\/posts\/81146\/revisions"}],"predecessor-version":[{"id":81148,"href":"https:\/\/zonaroja.com.mx\/index.php?rest_route=\/wp\/v2\/posts\/81146\/revisions\/81148"}],"wp:featuredmedia":[{"embeddable":true,"href":"https:\/\/zonaroja.com.mx\/index.php?rest_route=\/wp\/v2\/media\/81147"}],"wp:attachment":[{"href":"https:\/\/zonaroja.com.mx\/index.php?rest_route=%2Fwp%2Fv2%2Fmedia&parent=81146"}],"wp:term":[{"taxonomy":"category","embeddable":true,"href":"https:\/\/zonaroja.com.mx\/index.php?rest_route=%2Fwp%2Fv2%2Fcategories&post=81146"},{"taxonomy":"post_tag","embeddable":true,"href":"https:\/\/zonaroja.com.mx\/index.php?rest_route=%2Fwp%2Fv2%2Ftags&post=81146"}],"curies":[{"name":"wp","href":"https:\/\/api.w.org\/{rel}","templated":true}]}}