{"id":81149,"date":"2025-06-08T19:48:01","date_gmt":"2025-06-09T01:48:01","guid":{"rendered":"https:\/\/zonaroja.com.mx\/?p=81149"},"modified":"2025-06-08T19:48:03","modified_gmt":"2025-06-09T01:48:03","slug":"oaxaca-una-de-las-entidades-mas-letales-para-los-periodistas","status":"publish","type":"post","link":"https:\/\/zonaroja.com.mx\/?p=81149","title":{"rendered":"Oaxaca, una de las entidades m\u00e1s letales para los periodistas"},"content":{"rendered":"\n<p>Lisbeth Mej\u00eda Reyes\/Zona Roja.<\/p>\n\n\n\n<p>Oaxaca, Oax., a 8 de junio de 2025.- Con 18 periodistas asesinados, Oaxaca es uno de los estados m\u00e1s letales para quienes ejercen este oficio en el pa\u00eds, de acuerdo con la organizaci\u00f3n Art\u00edculo 19, que desde el a\u00f1o 2000 y hasta mayo de 2025 registra 172 homicidios de comunicadores en el pa\u00eds, en posible relaci\u00f3n con su labor.<\/p>\n\n\n\n<p>La organizaci\u00f3n tambi\u00e9n se\u00f1ala que la entidad m\u00e1s letal para las y los periodistas es Veracruz, con 31 asesinatos de este tipo. Especialmente por la vulnerabilidad que experimentaron en el sexenio de Javier Duarte (2010-2016), cuando fueron ultimados 18 periodistas, entre ellos el fotoperiodista Rub\u00e9n Espinosa.&nbsp;<\/p>\n\n\n\n<p>A este estado le siguen en letalidad Guerrero (con 18 periodistas ultimados en ese periodo) y Oaxaca, Chihuahua y Tamaulipas (con 15 casos cada uno).<\/p>\n\n\n\n<p>En el pa\u00eds, el caso m\u00e1s reciente es el de Jos\u00e9 Carlos Gonz\u00e1lez Herrera, asesinado el 15 de mayo de 2025 en el estado de Guerrero.&nbsp;<\/p>\n\n\n\n<p>Sin embargo, adem\u00e1s de los asesinatos tambi\u00e9n persisten las agresiones en contra de las y los periodistas. En Oaxaca uno de estos \u00faltimos casos es el de \u00c1lvaro Cuitl\u00e1huac L\u00f3pez, del diario \u201cEl Imparcial\u201d, quien junto con familia fue violentado por elementos de la Agencia Estatal de Investigaciones el pasado 7 de marzo.<\/p>\n\n\n\n<p>De acuerdo con los registros de Art\u00edculo 19, de los 172 asesinatos de periodistas, 5 se han registrado en el gobierno actual de la presidenta Claudia Sheinbaum (Morena), 47 en el de Andr\u00e9s Manuel L\u00f3pez Obrador (Morena), 47 en el sexenio de Enrique Pe\u00f1a Nieto(PRI) y 48 en el sexenio de Felipe Calder\u00f3n (PAN). Este \u00faltimo se mantiene como el sexenio con m\u00e1s asesinatos de periodistas y personas comunicadoras.<\/p>\n\n\n\n<p>Este 7 de junio, en M\u00e9xico se conmemora el D\u00eda de la Libertad de Expresi\u00f3n, una fecha que de acuerdo con la Comisi\u00f3n Nacional de Derechos Humanos (CNDH) fue \u00abinstaurada en 1951 por los editores de peri\u00f3dicos y el entonces presidente de la Rep\u00fablica, Miguel Alem\u00e1n Vald\u00e9s, con el fin de destacar la trascendencia de una prensa libre e independiente para la democracia mexicana\u00bb.<\/p>\n\n\n\n<p>LOS HOMICIDIOS<\/p>\n\n\n\n<p>En Oaxaca, las y los periodistas asesinados en estos \u00faltimos 25 a\u00f1os son: Heber L\u00f3pez V\u00e1zquez, del medio Noticias Web (10 de febrero de 2022); Gustavo S\u00e1nchez Cabrera, de Noticias minuto a minuto (17 de junio del 2021); Tel\u00e9sforo Santiago Enr\u00edquez, de Est\u00e9reo Cafetal 98.7 FM (ocurrido el 2 de mayo de 2019); Elidio Ramos Z\u00e1rate, del diario El Sur (19 de junio de 2016l); Salvador Olmos Garc\u00eda, de la radio comunitaria Tu Un \u00d1uu Savi (26 de junio de 2016), y Agust\u00edn Pavia Pavia, tambi\u00e9n de la radio comunitaria Tu Un \u00d1uu Savi (el 13 de septiembre de 2016).<\/p>\n\n\n\n<p>Asimismo, Abel Bautista Raymundo, director de la estaci\u00f3n radiof\u00f3nica \u201cTransmitiendo sentimientos, la voz de Juxtlahuaca\u00bb (el 14 de abril); Filadelfo S\u00e1nchez, de la emisora La Favorita 103.3 FM (el 2 de julio de 2015); Octavio Rojas, corresponsal del diario El Buen Tono (11 de agosto de 2014); Alberto L\u00f3pez Bello, del diario El Imparcial (el 17 de julio de 2013); Fel\u00edcitas Mart\u00ednez S\u00e1nchez y Teresa Bautista Merino, ambas de Radio Copala (el 7 de abril de 2008); Bradley Roland Will, de Indymedia (27 de octubre de 2006), y Ra\u00fal Marcial P\u00e9rez, del diario El Gr\u00e1fico (8 de diciembre de 2006).<\/p>\n","protected":false},"excerpt":{"rendered":"<p>Lisbeth Mej\u00eda Reyes\/Zona Roja. Oaxaca, Oax., a 8 de junio de 2025.- Con 18 periodistas&hellip;<\/p>\n","protected":false},"author":2,"featured_media":70673,"comment_status":"closed","ping_status":"open","sticky":false,"template":"","format":"standard","meta":{"_lmt_disableupdate":"","_lmt_disable":"","_jetpack_memberships_contains_paid_content":false,"footnotes":""},"categories":[109,47],"tags":[69],"class_list":["post-81149","post","type-post","status-publish","format-standard","has-post-thumbnail","hentry","category-minuto-a-minuto","category-zona-gris","tag-libertad-de-expresion"],"jetpack_featured_media_url":"https:\/\/zonaroja.com.mx\/wp-content\/uploads\/2024\/07\/Periodismo-periodistas-agresiones-prensa.jpeg","jetpack_sharing_enabled":true,"_links":{"self":[{"href":"https:\/\/zonaroja.com.mx\/index.php?rest_route=\/wp\/v2\/posts\/81149","targetHints":{"allow":["GET"]}}],"collection":[{"href":"https:\/\/zonaroja.com.mx\/index.php?rest_route=\/wp\/v2\/posts"}],"about":[{"href":"https:\/\/zonaroja.com.mx\/index.php?rest_route=\/wp\/v2\/types\/post"}],"author":[{"embeddable":true,"href":"https:\/\/zonaroja.com.mx\/index.php?rest_route=\/wp\/v2\/users\/2"}],"replies":[{"embeddable":true,"href":"https:\/\/zonaroja.com.mx\/index.php?rest_route=%2Fwp%2Fv2%2Fcomments&post=81149"}],"version-history":[{"count":1,"href":"https:\/\/zonaroja.com.mx\/index.php?rest_route=\/wp\/v2\/posts\/81149\/revisions"}],"predecessor-version":[{"id":81150,"href":"https:\/\/zonaroja.com.mx\/index.php?rest_route=\/wp\/v2\/posts\/81149\/revisions\/81150"}],"wp:featuredmedia":[{"embeddable":true,"href":"https:\/\/zonaroja.com.mx\/index.php?rest_route=\/wp\/v2\/media\/70673"}],"wp:attachment":[{"href":"https:\/\/zonaroja.com.mx\/index.php?rest_route=%2Fwp%2Fv2%2Fmedia&parent=81149"}],"wp:term":[{"taxonomy":"category","embeddable":true,"href":"https:\/\/zonaroja.com.mx\/index.php?rest_route=%2Fwp%2Fv2%2Fcategories&post=81149"},{"taxonomy":"post_tag","embeddable":true,"href":"https:\/\/zonaroja.com.mx\/index.php?rest_route=%2Fwp%2Fv2%2Ftags&post=81149"}],"curies":[{"name":"wp","href":"https:\/\/api.w.org\/{rel}","templated":true}]}}