{"id":81151,"date":"2025-06-08T21:20:11","date_gmt":"2025-06-09T03:20:11","guid":{"rendered":"https:\/\/zonaroja.com.mx\/?p=81151"},"modified":"2025-06-08T21:20:13","modified_gmt":"2025-06-09T03:20:13","slug":"asegura-gobernador-que-periodistas-coadyuvan-a-construir-sociedad-libre-y-justa","status":"publish","type":"post","link":"https:\/\/zonaroja.com.mx\/?p=81151","title":{"rendered":"Asegura gobernador que periodistas coadyuvan a construir sociedad libre y justa"},"content":{"rendered":"\n<p>Redacci\u00f3n\/Zona Roja.&nbsp;<\/p>\n\n\n\n<p>Oaxaca, Oax., a 8 de junio de 2025.- En el marco del D\u00eda de la Libertad de Expresi\u00f3n, el gobernador Salom\u00f3n Jara Cruz expres\u00f3 su reconocimiento y agradecimiento a las y los periodistas de Oaxaca quienes, diariamente, con su labor informativa, contribuyen a la construcci\u00f3n de una sociedad m\u00e1s libre, justa, consciente y proactiva.<\/p>\n\n\n\n<p>En una convivencia respetuosa y plural con las y los representantes de los medios de comunicaci\u00f3n de las ocho regiones del estado, el Mandatario oaxaque\u00f1o reiter\u00f3 que su gobierno ha protegido el derecho a la expresi\u00f3n libre e independiente, y no solo eso, ha promovido esta actividad fundamental.<\/p>\n\n\n\n<p>\u201cLa Primavera Oaxaque\u00f1a ha asumido desde un inicio con mucha claridad y convicci\u00f3n su papel de construir y mantener una relaci\u00f3n respetuosa, institucional y transparente con los medios informativos\u201d, se\u00f1al\u00f3.<\/p>\n\n\n\n<p>Con este esp\u00edritu, el Gobierno de Oaxaca implement\u00f3 un programa sin precedentes en materia de seguridad social para este gremio, mediante un esquema novedoso y \u00fanico en el pa\u00eds, 82 periodistas independientes tienen cobertura para atenci\u00f3n m\u00e9dica y cr\u00e9ditos hipotecarios a trav\u00e9s del Instituto Mexicano del Seguro Social (IMSS) y el Instituto de Fondo Nacional de la Vivienda para los Trabajadores (Infonavit), respectivamente.<\/p>\n\n\n\n<p>\u201cPor eso, este Gobierno de la Transformaci\u00f3n reitera su compromiso con un entorno donde el ejercicio period\u00edstico se realice con seguro, dignidad y respeto \u201c, agreg\u00f3 Jara Cruz.<\/p>\n\n\n\n<p>Por su parte, la coordinadora de Comunicaci\u00f3n Social del Gobierno del Estado, Elizabeth \u00c1lvarez Acosta destac\u00f3 la tarea relevante que realizan las mujeres y hombres que se dedican con profesionalismo al periodismo, ya que son un puente entre las instituciones p\u00fablicas y la sociedad.<\/p>\n\n\n\n<p>Expuso que, como nunca antes se hizo, esta administraci\u00f3n estatal implementa acciones para saldar la deuda hist\u00f3rica con el gremio period\u00edstico, tal es el caso la incorporaci\u00f3n de las y los comunicadores al sistema de seguridad social, que les garantiza atenci\u00f3n en enfermedades, maternidad, riesgos de trabajo, retiro, cesant\u00eda en edad avanzada, guarder\u00eda y prestaciones sociales.<\/p>\n\n\n\n<p>\u201cSomos un gobierno aliado que respeta y garantiza la libertad de expresi\u00f3n, que rechaza la censura y defiende el digno y libre del periodismo, sobre todo que trabaja para su bienestar\u201d, finaliz\u00f3.<\/p>\n","protected":false},"excerpt":{"rendered":"<p>Redacci\u00f3n\/Zona Roja.&nbsp; Oaxaca, Oax., a 8 de junio de 2025.- En el marco del D\u00eda&hellip;<\/p>\n","protected":false},"author":2,"featured_media":81152,"comment_status":"closed","ping_status":"open","sticky":false,"template":"","format":"standard","meta":{"_lmt_disableupdate":"","_lmt_disable":"","_jetpack_memberships_contains_paid_content":false,"footnotes":""},"categories":[109,46],"tags":[939],"class_list":["post-81151","post","type-post","status-publish","format-standard","has-post-thumbnail","hentry","category-minuto-a-minuto","category-zona-blanca","tag-salomon-jara-cruz"],"jetpack_featured_media_url":"https:\/\/zonaroja.com.mx\/wp-content\/uploads\/2025\/06\/Construyen-periodistas-una-sociedad-libre-justa-y-consciente-Salomon-Jara-5.jpeg","jetpack_sharing_enabled":true,"_links":{"self":[{"href":"https:\/\/zonaroja.com.mx\/index.php?rest_route=\/wp\/v2\/posts\/81151","targetHints":{"allow":["GET"]}}],"collection":[{"href":"https:\/\/zonaroja.com.mx\/index.php?rest_route=\/wp\/v2\/posts"}],"about":[{"href":"https:\/\/zonaroja.com.mx\/index.php?rest_route=\/wp\/v2\/types\/post"}],"author":[{"embeddable":true,"href":"https:\/\/zonaroja.com.mx\/index.php?rest_route=\/wp\/v2\/users\/2"}],"replies":[{"embeddable":true,"href":"https:\/\/zonaroja.com.mx\/index.php?rest_route=%2Fwp%2Fv2%2Fcomments&post=81151"}],"version-history":[{"count":1,"href":"https:\/\/zonaroja.com.mx\/index.php?rest_route=\/wp\/v2\/posts\/81151\/revisions"}],"predecessor-version":[{"id":81153,"href":"https:\/\/zonaroja.com.mx\/index.php?rest_route=\/wp\/v2\/posts\/81151\/revisions\/81153"}],"wp:featuredmedia":[{"embeddable":true,"href":"https:\/\/zonaroja.com.mx\/index.php?rest_route=\/wp\/v2\/media\/81152"}],"wp:attachment":[{"href":"https:\/\/zonaroja.com.mx\/index.php?rest_route=%2Fwp%2Fv2%2Fmedia&parent=81151"}],"wp:term":[{"taxonomy":"category","embeddable":true,"href":"https:\/\/zonaroja.com.mx\/index.php?rest_route=%2Fwp%2Fv2%2Fcategories&post=81151"},{"taxonomy":"post_tag","embeddable":true,"href":"https:\/\/zonaroja.com.mx\/index.php?rest_route=%2Fwp%2Fv2%2Ftags&post=81151"}],"curies":[{"name":"wp","href":"https:\/\/api.w.org\/{rel}","templated":true}]}}